{"id":1153,"date":"2012-08-14T08:00:19","date_gmt":"2012-08-14T11:00:19","guid":{"rendered":"http:\/\/www.encontraosasco.com.br\/noticias\/?p=1153"},"modified":"2019-04-12T16:19:36","modified_gmt":"2019-04-12T19:19:36","slug":"irmaos-jairzinho-e-luciana-mostram-o-samba-me-cantou-em-osasco","status":"publish","type":"post","link":"https:\/\/www.encontraosasco.com.br\/sobre\/irmaos-jairzinho-e-luciana-mostram-o-samba-me-cantou-em-osasco\/","title":{"rendered":"Irm\u00e3os Jairzinho e Luciana mostram O Samba me Cantou em Osasco"},"content":{"rendered":"<div class=\"90b156a7006dfc5832b0651c68b7182c\" data-index=\"1\" style=\"float: none; margin:0px;\">\n<script async src=\"https:\/\/pagead2.googlesyndication.com\/pagead\/js\/adsbygoogle.js?client=ca-pub-8585364105181520\"\r\n     crossorigin=\"anonymous\"><\/script>\r\n<!-- Anuncio display - global -->\r\n<ins class=\"adsbygoogle\"\r\n     style=\"display:block\"\r\n     data-ad-client=\"ca-pub-8585364105181520\"\r\n     data-ad-slot=\"8789329856\"\r\n     data-ad-format=\"auto\"\r\n     data-full-width-responsive=\"true\"><\/ins>\r\n<script>\r\n     (adsbygoogle = window.adsbygoogle || []).push({});\r\n<\/script>\n<\/div>\n<p>Os irm\u00e3os Jair Oliveira e Luciana Mello trazem ao <a href=\"http:\/\/www.encontraosasco.com.br\/osasco\/sesc-em-osasco.shtml\" target=\"_blank\">Sesc de Osasco<\/a>, nos dias 24 e 25 de agosto, seu show baseado no disco O Samba Me Cantou, lan\u00e7ado em 2010 e o primeiro trabalho que desenvolveram juntos, em paralelo \u00e0s suas carreiras solo.<\/p>\n<p>Para o repert\u00f3rio, os cantores escolheram m\u00fasicas de artistas que influenciaram seu trabalho, como Pixinguinha, Paulinho da Viola, Martinho da Vila e Dorival Caymmi. H\u00e1 tamb\u00e9m espa\u00e7o para composi\u00e7\u00f5es in\u00e9ditas.<\/p>\n<p>A apresenta\u00e7\u00e3o acontece na Tenda 1 e os ingressos saem por R$ 12 (inteira),<\/p>\n<p>R$ 6 (usu\u00e1rio inscrito no Sesc e dependentes, maiores de 60 anos, professores da rede p\u00fablica de ensino e estudantes com comprovante) e R$ 3 (trabalhador no com\u00e9rcio de bens, servi\u00e7os e turismo matriculado no Sesc e dependentes).<\/p>\n<p>O Sesc de Osasco fica na avenida Sport Club Corinthians Paulista, 1.300, no Jardim das Flores.<\/p>\n<p><em>Fonte: Webdi\u00e1rio<\/em><\/p>\n\n<div style=\"font-size: 0px; height: 0px; line-height: 0px; margin: 0; padding: 0; clear: both;\"><\/div>","protected":false},"excerpt":{"rendered":"<p>Os irm\u00e3os Jair Oliveira e Luciana Mello trazem ao Sesc de Osasco, nos dias 24 e 25 de agosto, seu show baseado no disco O Samba Me Cantou, lan\u00e7ado em 2010 e o primeiro trabalho que desenvolveram juntos, em paralelo \u00e0s suas carreiras solo. Para o repert\u00f3rio, os cantores escolheram m\u00fasicas de artistas que influenciaram seu trabalho, como Pixinguinha, Paulinho da Viola, Martinho da Vila e Dorival Caymmi. H\u00e1 tamb\u00e9m espa\u00e7o para composi\u00e7\u00f5es in\u00e9ditas. A apresenta\u00e7\u00e3o acontece na Tenda 1 e os ingressos saem por R$ 12 (inteira), R$ 6 (usu\u00e1rio inscrito no Sesc e dependentes, maiores de 60 anos, <\/p>\n","protected":false},"author":1,"featured_media":0,"comment_status":"open","ping_status":"closed","sticky":false,"template":"","format":"standard","meta":{"footnotes":""},"categories":[6,8],"tags":[14],"class_list":["post-1153","post","type-post","status-publish","format-standard","hentry","category-noticias-osasco","category-servicos-osasco","tag-osasco"],"aioseo_notices":[],"_links":{"self":[{"href":"https:\/\/www.encontraosasco.com.br\/sobre\/wp-json\/wp\/v2\/posts\/1153"}],"collection":[{"href":"https:\/\/www.encontraosasco.com.br\/sobre\/wp-json\/wp\/v2\/posts"}],"about":[{"href":"https:\/\/www.encontraosasco.com.br\/sobre\/wp-json\/wp\/v2\/types\/post"}],"author":[{"embeddable":true,"href":"https:\/\/www.encontraosasco.com.br\/sobre\/wp-json\/wp\/v2\/users\/1"}],"replies":[{"embeddable":true,"href":"https:\/\/www.encontraosasco.com.br\/sobre\/wp-json\/wp\/v2\/comments?post=1153"}],"version-history":[{"count":0,"href":"https:\/\/www.encontraosasco.com.br\/sobre\/wp-json\/wp\/v2\/posts\/1153\/revisions"}],"wp:attachment":[{"href":"https:\/\/www.encontraosasco.com.br\/sobre\/wp-json\/wp\/v2\/media?parent=1153"}],"wp:term":[{"taxonomy":"category","embeddable":true,"href":"https:\/\/www.encontraosasco.com.br\/sobre\/wp-json\/wp\/v2\/categories?post=1153"},{"taxonomy":"post_tag","embeddable":true,"href":"https:\/\/www.encontraosasco.com.br\/sobre\/wp-json\/wp\/v2\/tags?post=1153"}],"curies":[{"name":"wp","href":"https:\/\/api.w.org\/{rel}","templated":true}]}}