{"id":2076,"date":"2013-07-02T00:01:09","date_gmt":"2013-07-02T03:01:09","guid":{"rendered":"http:\/\/www.encontraosasco.com.br\/noticias\/?p=2076"},"modified":"2019-04-12T16:18:29","modified_gmt":"2019-04-12T19:18:29","slug":"detran-vai-abrir-120-vagas-para-examinadores-em-osasco-e-regiao","status":"publish","type":"post","link":"https:\/\/www.encontraosasco.com.br\/sobre\/detran-vai-abrir-120-vagas-para-examinadores-em-osasco-e-regiao\/","title":{"rendered":"Detran vai abrir 120 vagas para examinadores em Osasco e regi\u00e3o"},"content":{"rendered":"<p>O Detran (Departamento Estadual de Tr\u00e2nsito) de S\u00e3o Paulo v\u00e3o ampliar seu quadro de examinadores, para testes pr\u00e1ticos de dire\u00e7\u00e3o, nas cidades de Osasco, Barueri, Carapicu\u00edba, Itapevi, Jandira, Cajamar, Santana do Parna\u00edba e Pirapora do Bom Jesus.<\/p>\n<p>Segundo o \u00f3rg\u00e3o, os profissionais v\u00e3o atuar em esquema de revezamento entre os munic\u00edpios, realizando testes para os candidatos a obter a CNH (Carteira Nacional de Habilita\u00e7\u00e3o).<\/p>\n<p>Os interessados devem ter no m\u00ednimo 21 anos de idade, possuir curso superior completo, ter curso de examinador de tr\u00e2nsito, estar habilitado h\u00e1 dois anos na categoria a ser examinada, n\u00e3o ter suspens\u00e3o ou cassa\u00e7\u00e3o da CNH e n\u00e3o ter cometido nenhuma infra\u00e7\u00e3o de tr\u00e2nsito de natureza grav\u00edssima nos \u00faltimos 12 meses.<\/p>\n<p>Segundo o Detran, a remunera\u00e7\u00e3o mensal pode chegar a R$ 4 mil, dependendo da categoria de habilita\u00e7\u00e3o do profissional. \u201cNossa previs\u00e3o \u00e9 contratar, at\u00e9 o fim do ano, cerca de 120 examinadores para a capital e regi\u00e3o de Osasco. Qualquer pessoa habilitada e com n\u00edvel superior completo pode fazer o curso de examinador para concorrer \u00e0s vagas. As novas contrata\u00e7\u00f5es v\u00e3o contribuir para uma maior agilidade nos exames pr\u00e1ticos\u201d, destacou o diretor-presidente do Detran, Daniel Annenberg.<\/p>\n<p>Ainda n\u00e3o foi divulgado o prazo em que ocorrer\u00e1 a sele\u00e7\u00e3o. J\u00e1 a lista de locais que oferecem curso de examinadores pode ser obtida no site detran.sp.gov.br.<\/p>\n<p><em>Fonte: Web Di\u00e1rio<\/em><\/p>\n","protected":false},"excerpt":{"rendered":"<p>O Detran (Departamento Estadual de Tr\u00e2nsito) de S\u00e3o Paulo v\u00e3o ampliar seu quadro de examinadores, para testes pr\u00e1ticos de dire\u00e7\u00e3o, nas cidades de Osasco, Barueri, Carapicu\u00edba, Itapevi, Jandira, Cajamar, Santana do Parna\u00edba e Pirapora do Bom Jesus. Segundo o \u00f3rg\u00e3o, os profissionais v\u00e3o atuar em esquema de revezamento entre os munic\u00edpios, realizando testes para os candidatos a obter a CNH (Carteira Nacional de Habilita\u00e7\u00e3o). Os interessados devem ter no m\u00ednimo 21 anos de idade, possuir curso superior completo, ter curso de examinador de tr\u00e2nsito, estar habilitado h\u00e1 dois anos na categoria a ser examinada, n\u00e3o ter suspens\u00e3o ou cassa\u00e7\u00e3o da <\/p>\n","protected":false},"author":1,"featured_media":0,"comment_status":"open","ping_status":"closed","sticky":false,"template":"","format":"standard","meta":{"footnotes":""},"categories":[15,6,8],"tags":[14],"class_list":["post-2076","post","type-post","status-publish","format-standard","hentry","category-concursos-osasco","category-noticias-osasco","category-servicos-osasco","tag-osasco"],"aioseo_notices":[],"aioseo_head":"\n\t\t<!-- All in One SEO 5.0.0.1 - aioseo.com -->\n\t<meta name=\"description\" content=\"O Detran (Departamento Estadual de Tr\u00e2nsito) de S\u00e3o Paulo v\u00e3o ampliar seu quadro de examinadores, para testes pr\u00e1ticos de dire\u00e7\u00e3o, nas cidades de Osasco, Barueri, Carapicu\u00edba, Itapevi, Jandira, Cajamar, Santana do Parna\u00edba e Pirapora do Bom Jesus. Segundo o \u00f3rg\u00e3o, os profissionais v\u00e3o atuar em esquema de revezamento entre os munic\u00edpios, realizando testes para os\" \/>\n\t<meta name=\"robots\" content=\"max-image-preview:large\" \/>\n\t<meta name=\"author\" content=\"Encontra Osasco\"\/>\n\t<link rel=\"canonical\" href=\"https:\/\/www.encontraosasco.com.br\/sobre\/detran-vai-abrir-120-vagas-para-examinadores-em-osasco-e-regiao\/\" \/>\n\t<meta name=\"generator\" content=\"All in One SEO (AIOSEO) 5.0.0.1\" \/>\n\t\t<meta property=\"og:locale\" content=\"pt_BR\" \/>\n\t\t<meta property=\"og:site_name\" content=\"Encontra Osasco | Not\u00edcias, eventos, informa\u00e7\u00f5es e dicas na cidade de Osasco e regi\u00e3o\" \/>\n\t\t<meta property=\"og:type\" content=\"article\" \/>\n\t\t<meta property=\"og:title\" content=\"Detran vai abrir 120 vagas para examinadores em Osasco e regi\u00e3o | Encontra Osasco\" \/>\n\t\t<meta property=\"og:description\" content=\"O Detran (Departamento Estadual de Tr\u00e2nsito) de S\u00e3o Paulo v\u00e3o ampliar seu quadro de examinadores, para testes pr\u00e1ticos de dire\u00e7\u00e3o, nas cidades de Osasco, Barueri, Carapicu\u00edba, Itapevi, Jandira, Cajamar, Santana do Parna\u00edba e Pirapora do Bom Jesus. Segundo o \u00f3rg\u00e3o, os profissionais v\u00e3o atuar em esquema de revezamento entre os munic\u00edpios, realizando testes para os\" \/>\n\t\t<meta property=\"og:url\" content=\"https:\/\/www.encontraosasco.com.br\/sobre\/detran-vai-abrir-120-vagas-para-examinadores-em-osasco-e-regiao\/\" \/>\n\t\t<meta property=\"article:published_time\" content=\"2013-07-02T03:01:09+00:00\" \/>\n\t\t<meta property=\"article:modified_time\" content=\"2019-04-12T19:18:29+00:00\" \/>\n\t\t<meta name=\"twitter:card\" content=\"summary\" \/>\n\t\t<meta name=\"twitter:title\" content=\"Detran vai abrir 120 vagas para examinadores em Osasco e regi\u00e3o | Encontra Osasco\" \/>\n\t\t<meta name=\"twitter:description\" content=\"O Detran (Departamento Estadual de Tr\u00e2nsito) de S\u00e3o Paulo v\u00e3o ampliar seu quadro de examinadores, para testes pr\u00e1ticos de dire\u00e7\u00e3o, nas cidades de Osasco, Barueri, Carapicu\u00edba, Itapevi, Jandira, Cajamar, Santana do Parna\u00edba e Pirapora do Bom Jesus. Segundo o \u00f3rg\u00e3o, os profissionais v\u00e3o atuar em esquema de revezamento entre os munic\u00edpios, realizando testes para os\" \/>\n\t\t<script type=\"application\/ld+json\" class=\"aioseo-schema\">\n\t\t\t{\"@context\":\"https:\\\/\\\/schema.org\",\"@graph\":[{\"@type\":\"Article\",\"@id\":\"https:\\\/\\\/www.encontraosasco.com.br\\\/sobre\\\/detran-vai-abrir-120-vagas-para-examinadores-em-osasco-e-regiao\\\/#article\",\"name\":\"Detran vai abrir 120 vagas para examinadores em Osasco e regi\\u00e3o | Encontra Osasco\",\"headline\":\"Detran vai abrir 120 vagas para examinadores em Osasco e regi\\u00e3o\",\"author\":{\"@id\":\"https:\\\/\\\/www.encontraosasco.com.br\\\/sobre\\\/author\\\/eosasco\\\/#author\"},\"publisher\":{\"@id\":\"https:\\\/\\\/www.encontraosasco.com.br\\\/sobre\\\/#organization\"},\"datePublished\":\"2013-07-02T00:01:09-03:00\",\"dateModified\":\"2019-04-12T16:18:29-03:00\",\"inLanguage\":\"pt-BR\",\"mainEntityOfPage\":{\"@id\":\"https:\\\/\\\/www.encontraosasco.com.br\\\/sobre\\\/detran-vai-abrir-120-vagas-para-examinadores-em-osasco-e-regiao\\\/#webpage\"},\"isPartOf\":{\"@id\":\"https:\\\/\\\/www.encontraosasco.com.br\\\/sobre\\\/detran-vai-abrir-120-vagas-para-examinadores-em-osasco-e-regiao\\\/#webpage\"},\"articleSection\":\"Concursos Osasco, Not\\u00edcias Osasco, Servi\\u00e7os Osasco, Osasco\"},{\"@type\":\"BreadcrumbList\",\"@id\":\"https:\\\/\\\/www.encontraosasco.com.br\\\/sobre\\\/detran-vai-abrir-120-vagas-para-examinadores-em-osasco-e-regiao\\\/#breadcrumblist\",\"itemListElement\":[{\"@type\":\"ListItem\",\"@id\":\"https:\\\/\\\/www.encontraosasco.com.br\\\/sobre#listItem\",\"position\":1,\"name\":\"In\\u00edcio\",\"item\":\"https:\\\/\\\/www.encontraosasco.com.br\\\/sobre\",\"nextItem\":{\"@type\":\"ListItem\",\"@id\":\"https:\\\/\\\/www.encontraosasco.com.br\\\/sobre\\\/noticias-osasco\\\/#listItem\",\"name\":\"Not\\u00edcias Osasco\"}},{\"@type\":\"ListItem\",\"@id\":\"https:\\\/\\\/www.encontraosasco.com.br\\\/sobre\\\/noticias-osasco\\\/#listItem\",\"position\":2,\"name\":\"Not\\u00edcias Osasco\",\"item\":\"https:\\\/\\\/www.encontraosasco.com.br\\\/sobre\\\/noticias-osasco\\\/\",\"nextItem\":{\"@type\":\"ListItem\",\"@id\":\"https:\\\/\\\/www.encontraosasco.com.br\\\/sobre\\\/detran-vai-abrir-120-vagas-para-examinadores-em-osasco-e-regiao\\\/#listItem\",\"name\":\"Detran vai abrir 120 vagas para examinadores em Osasco e regi\\u00e3o\"},\"previousItem\":{\"@type\":\"ListItem\",\"@id\":\"https:\\\/\\\/www.encontraosasco.com.br\\\/sobre#listItem\",\"name\":\"In\\u00edcio\"}},{\"@type\":\"ListItem\",\"@id\":\"https:\\\/\\\/www.encontraosasco.com.br\\\/sobre\\\/detran-vai-abrir-120-vagas-para-examinadores-em-osasco-e-regiao\\\/#listItem\",\"position\":3,\"name\":\"Detran vai abrir 120 vagas para examinadores em Osasco e regi\\u00e3o\",\"previousItem\":{\"@type\":\"ListItem\",\"@id\":\"https:\\\/\\\/www.encontraosasco.com.br\\\/sobre\\\/noticias-osasco\\\/#listItem\",\"name\":\"Not\\u00edcias Osasco\"}}]},{\"@type\":\"Organization\",\"@id\":\"https:\\\/\\\/www.encontraosasco.com.br\\\/sobre\\\/#organization\",\"name\":\"Encontra Osasco\",\"description\":\"Not\\u00edcias, eventos, informa\\u00e7\\u00f5es e dicas na cidade de Osasco e regi\\u00e3o\",\"url\":\"https:\\\/\\\/www.encontraosasco.com.br\\\/sobre\\\/\"},{\"@type\":\"Person\",\"@id\":\"https:\\\/\\\/www.encontraosasco.com.br\\\/sobre\\\/author\\\/eosasco\\\/#author\",\"url\":\"https:\\\/\\\/www.encontraosasco.com.br\\\/sobre\\\/author\\\/eosasco\\\/\",\"name\":\"Encontra Osasco\",\"image\":{\"@type\":\"ImageObject\",\"@id\":\"https:\\\/\\\/www.encontraosasco.com.br\\\/sobre\\\/detran-vai-abrir-120-vagas-para-examinadores-em-osasco-e-regiao\\\/#authorImage\",\"url\":\"https:\\\/\\\/secure.gravatar.com\\\/avatar\\\/507340682b8270222e1f208e23198b6ae7e2c6a1033ae84e99bc6bce4f82a387?s=96&d=mm&r=g\",\"width\":96,\"height\":96,\"caption\":\"Encontra Osasco\"}},{\"@type\":\"WebPage\",\"@id\":\"https:\\\/\\\/www.encontraosasco.com.br\\\/sobre\\\/detran-vai-abrir-120-vagas-para-examinadores-em-osasco-e-regiao\\\/#webpage\",\"url\":\"https:\\\/\\\/www.encontraosasco.com.br\\\/sobre\\\/detran-vai-abrir-120-vagas-para-examinadores-em-osasco-e-regiao\\\/\",\"name\":\"Detran vai abrir 120 vagas para examinadores em Osasco e regi\\u00e3o | Encontra Osasco\",\"description\":\"O Detran (Departamento Estadual de Tr\\u00e2nsito) de S\\u00e3o Paulo v\\u00e3o ampliar seu quadro de examinadores, para testes pr\\u00e1ticos de dire\\u00e7\\u00e3o, nas cidades de Osasco, Barueri, Carapicu\\u00edba, Itapevi, Jandira, Cajamar, Santana do Parna\\u00edba e Pirapora do Bom Jesus. Segundo o \\u00f3rg\\u00e3o, os profissionais v\\u00e3o atuar em esquema de revezamento entre os munic\\u00edpios, realizando testes para os\",\"inLanguage\":\"pt-BR\",\"isPartOf\":{\"@id\":\"https:\\\/\\\/www.encontraosasco.com.br\\\/sobre\\\/#website\"},\"breadcrumb\":{\"@id\":\"https:\\\/\\\/www.encontraosasco.com.br\\\/sobre\\\/detran-vai-abrir-120-vagas-para-examinadores-em-osasco-e-regiao\\\/#breadcrumblist\"},\"author\":{\"@id\":\"https:\\\/\\\/www.encontraosasco.com.br\\\/sobre\\\/author\\\/eosasco\\\/#author\"},\"creator\":{\"@id\":\"https:\\\/\\\/www.encontraosasco.com.br\\\/sobre\\\/author\\\/eosasco\\\/#author\"},\"datePublished\":\"2013-07-02T00:01:09-03:00\",\"dateModified\":\"2019-04-12T16:18:29-03:00\"},{\"@type\":\"WebSite\",\"@id\":\"https:\\\/\\\/www.encontraosasco.com.br\\\/sobre\\\/#website\",\"url\":\"https:\\\/\\\/www.encontraosasco.com.br\\\/sobre\\\/\",\"name\":\"Encontra Osasco\",\"description\":\"Not\\u00edcias, eventos, informa\\u00e7\\u00f5es e dicas na cidade de Osasco e regi\\u00e3o\",\"inLanguage\":\"pt-BR\",\"publisher\":{\"@id\":\"https:\\\/\\\/www.encontraosasco.com.br\\\/sobre\\\/#organization\"}}]}\n\t\t<\/script>\n\t\t<!-- All in One SEO -->\n\n","aioseo_head_json":{"title":"Detran vai abrir 120 vagas para examinadores em Osasco e regi\u00e3o | Encontra Osasco","description":"O Detran (Departamento Estadual de Tr\u00e2nsito) de S\u00e3o Paulo v\u00e3o ampliar seu quadro de examinadores, para testes pr\u00e1ticos de dire\u00e7\u00e3o, nas cidades de Osasco, Barueri, Carapicu\u00edba, Itapevi, Jandira, Cajamar, Santana do Parna\u00edba e Pirapora do Bom Jesus. Segundo o \u00f3rg\u00e3o, os profissionais v\u00e3o atuar em esquema de revezamento entre os munic\u00edpios, realizando testes para os","canonical_url":"https:\/\/www.encontraosasco.com.br\/sobre\/detran-vai-abrir-120-vagas-para-examinadores-em-osasco-e-regiao\/","robots":"max-image-preview:large","keywords":"","webmasterTools":{"miscellaneous":""},"schema":{"@context":"https:\/\/schema.org","@graph":[{"@type":"Article","@id":"https:\/\/www.encontraosasco.com.br\/sobre\/detran-vai-abrir-120-vagas-para-examinadores-em-osasco-e-regiao\/#article","name":"Detran vai abrir 120 vagas para examinadores em Osasco e regi\u00e3o | Encontra Osasco","headline":"Detran vai abrir 120 vagas para examinadores em Osasco e regi\u00e3o","author":{"@id":"https:\/\/www.encontraosasco.com.br\/sobre\/author\/eosasco\/#author"},"publisher":{"@id":"https:\/\/www.encontraosasco.com.br\/sobre\/#organization"},"datePublished":"2013-07-02T00:01:09-03:00","dateModified":"2019-04-12T16:18:29-03:00","inLanguage":"pt-BR","mainEntityOfPage":{"@id":"https:\/\/www.encontraosasco.com.br\/sobre\/detran-vai-abrir-120-vagas-para-examinadores-em-osasco-e-regiao\/#webpage"},"isPartOf":{"@id":"https:\/\/www.encontraosasco.com.br\/sobre\/detran-vai-abrir-120-vagas-para-examinadores-em-osasco-e-regiao\/#webpage"},"articleSection":"Concursos Osasco, Not\u00edcias Osasco, Servi\u00e7os Osasco, Osasco"},{"@type":"BreadcrumbList","@id":"https:\/\/www.encontraosasco.com.br\/sobre\/detran-vai-abrir-120-vagas-para-examinadores-em-osasco-e-regiao\/#breadcrumblist","itemListElement":[{"@type":"ListItem","@id":"https:\/\/www.encontraosasco.com.br\/sobre#listItem","position":1,"name":"In\u00edcio","item":"https:\/\/www.encontraosasco.com.br\/sobre","nextItem":{"@type":"ListItem","@id":"https:\/\/www.encontraosasco.com.br\/sobre\/noticias-osasco\/#listItem","name":"Not\u00edcias Osasco"}},{"@type":"ListItem","@id":"https:\/\/www.encontraosasco.com.br\/sobre\/noticias-osasco\/#listItem","position":2,"name":"Not\u00edcias Osasco","item":"https:\/\/www.encontraosasco.com.br\/sobre\/noticias-osasco\/","nextItem":{"@type":"ListItem","@id":"https:\/\/www.encontraosasco.com.br\/sobre\/detran-vai-abrir-120-vagas-para-examinadores-em-osasco-e-regiao\/#listItem","name":"Detran vai abrir 120 vagas para examinadores em Osasco e regi\u00e3o"},"previousItem":{"@type":"ListItem","@id":"https:\/\/www.encontraosasco.com.br\/sobre#listItem","name":"In\u00edcio"}},{"@type":"ListItem","@id":"https:\/\/www.encontraosasco.com.br\/sobre\/detran-vai-abrir-120-vagas-para-examinadores-em-osasco-e-regiao\/#listItem","position":3,"name":"Detran vai abrir 120 vagas para examinadores em Osasco e regi\u00e3o","previousItem":{"@type":"ListItem","@id":"https:\/\/www.encontraosasco.com.br\/sobre\/noticias-osasco\/#listItem","name":"Not\u00edcias Osasco"}}]},{"@type":"Organization","@id":"https:\/\/www.encontraosasco.com.br\/sobre\/#organization","name":"Encontra Osasco","description":"Not\u00edcias, eventos, informa\u00e7\u00f5es e dicas na cidade de Osasco e regi\u00e3o","url":"https:\/\/www.encontraosasco.com.br\/sobre\/"},{"@type":"Person","@id":"https:\/\/www.encontraosasco.com.br\/sobre\/author\/eosasco\/#author","url":"https:\/\/www.encontraosasco.com.br\/sobre\/author\/eosasco\/","name":"Encontra Osasco","image":{"@type":"ImageObject","@id":"https:\/\/www.encontraosasco.com.br\/sobre\/detran-vai-abrir-120-vagas-para-examinadores-em-osasco-e-regiao\/#authorImage","url":"https:\/\/secure.gravatar.com\/avatar\/507340682b8270222e1f208e23198b6ae7e2c6a1033ae84e99bc6bce4f82a387?s=96&d=mm&r=g","width":96,"height":96,"caption":"Encontra Osasco"}},{"@type":"WebPage","@id":"https:\/\/www.encontraosasco.com.br\/sobre\/detran-vai-abrir-120-vagas-para-examinadores-em-osasco-e-regiao\/#webpage","url":"https:\/\/www.encontraosasco.com.br\/sobre\/detran-vai-abrir-120-vagas-para-examinadores-em-osasco-e-regiao\/","name":"Detran vai abrir 120 vagas para examinadores em Osasco e regi\u00e3o | Encontra Osasco","description":"O Detran (Departamento Estadual de Tr\u00e2nsito) de S\u00e3o Paulo v\u00e3o ampliar seu quadro de examinadores, para testes pr\u00e1ticos de dire\u00e7\u00e3o, nas cidades de Osasco, Barueri, Carapicu\u00edba, Itapevi, Jandira, Cajamar, Santana do Parna\u00edba e Pirapora do Bom Jesus. Segundo o \u00f3rg\u00e3o, os profissionais v\u00e3o atuar em esquema de revezamento entre os munic\u00edpios, realizando testes para os","inLanguage":"pt-BR","isPartOf":{"@id":"https:\/\/www.encontraosasco.com.br\/sobre\/#website"},"breadcrumb":{"@id":"https:\/\/www.encontraosasco.com.br\/sobre\/detran-vai-abrir-120-vagas-para-examinadores-em-osasco-e-regiao\/#breadcrumblist"},"author":{"@id":"https:\/\/www.encontraosasco.com.br\/sobre\/author\/eosasco\/#author"},"creator":{"@id":"https:\/\/www.encontraosasco.com.br\/sobre\/author\/eosasco\/#author"},"datePublished":"2013-07-02T00:01:09-03:00","dateModified":"2019-04-12T16:18:29-03:00"},{"@type":"WebSite","@id":"https:\/\/www.encontraosasco.com.br\/sobre\/#website","url":"https:\/\/www.encontraosasco.com.br\/sobre\/","name":"Encontra Osasco","description":"Not\u00edcias, eventos, informa\u00e7\u00f5es e dicas na cidade de Osasco e regi\u00e3o","inLanguage":"pt-BR","publisher":{"@id":"https:\/\/www.encontraosasco.com.br\/sobre\/#organization"}}]},"og:locale":"pt_BR","og:site_name":"Encontra Osasco | Not\u00edcias, eventos, informa\u00e7\u00f5es e dicas na cidade de Osasco e regi\u00e3o","og:type":"article","og:title":"Detran vai abrir 120 vagas para examinadores em Osasco e regi\u00e3o | Encontra Osasco","og:description":"O Detran (Departamento Estadual de Tr\u00e2nsito) de S\u00e3o Paulo v\u00e3o ampliar seu quadro de examinadores, para testes pr\u00e1ticos de dire\u00e7\u00e3o, nas cidades de Osasco, Barueri, Carapicu\u00edba, Itapevi, Jandira, Cajamar, Santana do Parna\u00edba e Pirapora do Bom Jesus. Segundo o \u00f3rg\u00e3o, os profissionais v\u00e3o atuar em esquema de revezamento entre os munic\u00edpios, realizando testes para os","og:url":"https:\/\/www.encontraosasco.com.br\/sobre\/detran-vai-abrir-120-vagas-para-examinadores-em-osasco-e-regiao\/","article:published_time":"2013-07-02T03:01:09+00:00","article:modified_time":"2019-04-12T19:18:29+00:00","twitter:card":"summary","twitter:title":"Detran vai abrir 120 vagas para examinadores em Osasco e regi\u00e3o | Encontra Osasco","twitter:description":"O Detran (Departamento Estadual de Tr\u00e2nsito) de S\u00e3o Paulo v\u00e3o ampliar seu quadro de examinadores, para testes pr\u00e1ticos de dire\u00e7\u00e3o, nas cidades de Osasco, Barueri, Carapicu\u00edba, Itapevi, Jandira, Cajamar, Santana do Parna\u00edba e Pirapora do Bom Jesus. Segundo o \u00f3rg\u00e3o, os profissionais v\u00e3o atuar em esquema de revezamento entre os munic\u00edpios, realizando testes para os"},"aioseo_meta_data":{"post_id":"2076","title":null,"description":null,"keywords":null,"keyphrases":null,"primary_term":null,"canonical_url":null,"og_title":null,"og_description":null,"og_object_type":"default","og_image_type":"default","og_image_url":null,"og_image_width":null,"og_image_height":null,"og_image_custom_url":null,"og_image_custom_fields":null,"og_video":null,"og_custom_url":null,"og_article_section":null,"og_article_tags":null,"twitter_use_og":false,"twitter_card":"default","twitter_image_type":"default","twitter_image_url":null,"twitter_image_custom_url":null,"twitter_image_custom_fields":null,"twitter_title":null,"twitter_description":null,"schema":{"blockGraphs":[],"customGraphs":[],"default":{"data":{"Article":[],"Course":[],"Dataset":[],"FAQPage":[],"Movie":[],"Person":[],"Product":[],"ProductReview":[],"Car":[],"Recipe":[],"Service":[],"SoftwareApplication":[],"WebPage":[]},"graphName":"Article","isEnabled":true},"graphs":[]},"schema_type":null,"schema_type_options":null,"pillar_content":false,"robots_default":true,"robots_noindex":false,"robots_noarchive":false,"robots_nosnippet":false,"robots_nofollow":false,"robots_noimageindex":false,"robots_noodp":false,"robots_notranslate":false,"robots_max_snippet":null,"robots_max_videopreview":null,"robots_max_imagepreview":"large","priority":null,"frequency":null,"local_seo":null,"breadcrumb_settings":null,"limit_modified_date":false,"ai":null,"created":"2021-08-13 20:23:49","updated":"2026-08-06 01:32:04","focus_keyword":null,"additional_keywords":null,"truseo_locale":null,"seo_analyzer_scan_date":null},"aioseo_breadcrumb":"<div class=\"aioseo-breadcrumbs\"><span class=\"aioseo-breadcrumb\">\n\t\t\t<a href=\"https:\/\/www.encontraosasco.com.br\/sobre\" title=\"In\u00edcio\">In\u00edcio<\/a>\n\t\t<\/span><span class=\"aioseo-breadcrumb-separator\">&raquo;<\/span><span class=\"aioseo-breadcrumb\">\n\t\t\t<a href=\"https:\/\/www.encontraosasco.com.br\/sobre\/noticias-osasco\/\" title=\"Not\u00edcias Osasco\">Not\u00edcias Osasco<\/a>\n\t\t<\/span><span class=\"aioseo-breadcrumb-separator\">&raquo;<\/span><span class=\"aioseo-breadcrumb\">\n\t\t\tDetran vai abrir 120 vagas para examinadores em Osasco e regi\u00e3o\n\t\t<\/span><\/div>","aioseo_breadcrumb_json":[{"label":"In\u00edcio","link":"https:\/\/www.encontraosasco.com.br\/sobre"},{"label":"Not\u00edcias Osasco","link":"https:\/\/www.encontraosasco.com.br\/sobre\/noticias-osasco\/"},{"label":"Detran vai abrir 120 vagas para examinadores em Osasco e regi\u00e3o","link":"https:\/\/www.encontraosasco.com.br\/sobre\/detran-vai-abrir-120-vagas-para-examinadores-em-osasco-e-regiao\/"}],"_links":{"self":[{"href":"https:\/\/www.encontraosasco.com.br\/sobre\/wp-json\/wp\/v2\/posts\/2076","targetHints":{"allow":["GET"]}}],"collection":[{"href":"https:\/\/www.encontraosasco.com.br\/sobre\/wp-json\/wp\/v2\/posts"}],"about":[{"href":"https:\/\/www.encontraosasco.com.br\/sobre\/wp-json\/wp\/v2\/types\/post"}],"author":[{"embeddable":true,"href":"https:\/\/www.encontraosasco.com.br\/sobre\/wp-json\/wp\/v2\/users\/1"}],"replies":[{"embeddable":true,"href":"https:\/\/www.encontraosasco.com.br\/sobre\/wp-json\/wp\/v2\/comments?post=2076"}],"version-history":[{"count":0,"href":"https:\/\/www.encontraosasco.com.br\/sobre\/wp-json\/wp\/v2\/posts\/2076\/revisions"}],"wp:attachment":[{"href":"https:\/\/www.encontraosasco.com.br\/sobre\/wp-json\/wp\/v2\/media?parent=2076"}],"wp:term":[{"taxonomy":"category","embeddable":true,"href":"https:\/\/www.encontraosasco.com.br\/sobre\/wp-json\/wp\/v2\/categories?post=2076"},{"taxonomy":"post_tag","embeddable":true,"href":"https:\/\/www.encontraosasco.com.br\/sobre\/wp-json\/wp\/v2\/tags?post=2076"}],"curies":[{"name":"wp","href":"https:\/\/api.w.org\/{rel}","templated":true}]}}