{"id":2115,"date":"2013-07-19T00:01:29","date_gmt":"2013-07-19T03:01:29","guid":{"rendered":"http:\/\/www.encontraosasco.com.br\/noticias\/?p=2115"},"modified":"2019-04-12T16:18:28","modified_gmt":"2019-04-12T19:18:28","slug":"osasco-da-a-largada-para-o-canto-de-julho","status":"publish","type":"post","link":"https:\/\/www.encontraosasco.com.br\/sobre\/osasco-da-a-largada-para-o-canto-de-julho\/","title":{"rendered":"Osasco d\u00e1 a largada para o Canto de Julho"},"content":{"rendered":"<div class=\"90b156a7006dfc5832b0651c68b7182c\" data-index=\"1\" style=\"float: none; margin:0px;\">\n<script async src=\"https:\/\/pagead2.googlesyndication.com\/pagead\/js\/adsbygoogle.js?client=ca-pub-8585364105181520\"\r\n     crossorigin=\"anonymous\"><\/script>\r\n<!-- Anuncio display - global -->\r\n<ins class=\"adsbygoogle\"\r\n     style=\"display:block\"\r\n     data-ad-client=\"ca-pub-8585364105181520\"\r\n     data-ad-slot=\"8789329856\"\r\n     data-ad-format=\"auto\"\r\n     data-full-width-responsive=\"true\"><\/ins>\r\n<script>\r\n     (adsbygoogle = window.adsbygoogle || []).push({});\r\n<\/script>\n<\/div>\n<p>Segue at\u00e9 o pr\u00f3ximo dia 28 a edi\u00e7\u00e3o de 2013 do Canto de Julho. O festival, promovido pela Secretaria de Cultural de Osasco, conta com atra\u00e7\u00f5es musicais que acontecem simultaneamente no Espa\u00e7o Cultural Grande Otelo, na Vila Campesina, e no Teatro Nivaldo Santana, no Centro.<\/p>\n<p>As atra\u00e7\u00f5es acontecem sempre de quinta a domingo, \u00e0s 20 horas. A programa\u00e7\u00e3o completa pode ser consultada no site osasco.sp.gov.br.<\/p>\n<p>O Espa\u00e7o Cultural Grande Otelo fica na rua Dimitri Sensaud de Lavaud, 100, Vila Campesina. J\u00e1 o Espa\u00e7o Nivaldo Santana faz parte da Escola de Artes Cesar Antonio Salvi, na rua Tenente Avelar Pires de Azevedo, 360, Centro, Osasco.<\/p>\n<p><em>Fonte: Webdi\u00e1rio<\/em><\/p>\n\n<div style=\"font-size: 0px; height: 0px; line-height: 0px; margin: 0; padding: 0; clear: both;\"><\/div>","protected":false},"excerpt":{"rendered":"<p>Segue at\u00e9 o pr\u00f3ximo dia 28 a edi\u00e7\u00e3o de 2013 do Canto de Julho. O festival, promovido pela Secretaria de Cultural de Osasco, conta com atra\u00e7\u00f5es musicais que acontecem simultaneamente no Espa\u00e7o Cultural Grande Otelo, na Vila Campesina, e no Teatro Nivaldo Santana, no Centro. As atra\u00e7\u00f5es acontecem sempre de quinta a domingo, \u00e0s 20 horas. A programa\u00e7\u00e3o completa pode ser consultada no site osasco.sp.gov.br. O Espa\u00e7o Cultural Grande Otelo fica na rua Dimitri Sensaud de Lavaud, 100, Vila Campesina. J\u00e1 o Espa\u00e7o Nivaldo Santana faz parte da Escola de Artes Cesar Antonio Salvi, na rua Tenente Avelar Pires de <\/p>\n","protected":false},"author":1,"featured_media":0,"comment_status":"open","ping_status":"closed","sticky":false,"template":"","format":"standard","meta":{"footnotes":""},"categories":[6,8],"tags":[14],"class_list":["post-2115","post","type-post","status-publish","format-standard","hentry","category-noticias-osasco","category-servicos-osasco","tag-osasco"],"aioseo_notices":[],"_links":{"self":[{"href":"https:\/\/www.encontraosasco.com.br\/sobre\/wp-json\/wp\/v2\/posts\/2115"}],"collection":[{"href":"https:\/\/www.encontraosasco.com.br\/sobre\/wp-json\/wp\/v2\/posts"}],"about":[{"href":"https:\/\/www.encontraosasco.com.br\/sobre\/wp-json\/wp\/v2\/types\/post"}],"author":[{"embeddable":true,"href":"https:\/\/www.encontraosasco.com.br\/sobre\/wp-json\/wp\/v2\/users\/1"}],"replies":[{"embeddable":true,"href":"https:\/\/www.encontraosasco.com.br\/sobre\/wp-json\/wp\/v2\/comments?post=2115"}],"version-history":[{"count":0,"href":"https:\/\/www.encontraosasco.com.br\/sobre\/wp-json\/wp\/v2\/posts\/2115\/revisions"}],"wp:attachment":[{"href":"https:\/\/www.encontraosasco.com.br\/sobre\/wp-json\/wp\/v2\/media?parent=2115"}],"wp:term":[{"taxonomy":"category","embeddable":true,"href":"https:\/\/www.encontraosasco.com.br\/sobre\/wp-json\/wp\/v2\/categories?post=2115"},{"taxonomy":"post_tag","embeddable":true,"href":"https:\/\/www.encontraosasco.com.br\/sobre\/wp-json\/wp\/v2\/tags?post=2115"}],"curies":[{"name":"wp","href":"https:\/\/api.w.org\/{rel}","templated":true}]}}