{"id":246,"date":"2011-04-26T17:12:56","date_gmt":"2011-04-26T20:12:56","guid":{"rendered":"http:\/\/www.encontraosasco.com.br\/noticias\/?p=246"},"modified":"2019-04-12T16:20:38","modified_gmt":"2019-04-12T19:20:38","slug":"osasco-intensifica-vacinacao-contra-o-sarampo","status":"publish","type":"post","link":"https:\/\/www.encontraosasco.com.br\/sobre\/osasco-intensifica-vacinacao-contra-o-sarampo\/","title":{"rendered":"Osasco intensifica vacina\u00e7\u00e3o contra o sarampo"},"content":{"rendered":"<div class=\"90b156a7006dfc5832b0651c68b7182c\" data-index=\"1\" style=\"float: none; margin:0px;\">\n<script async src=\"https:\/\/pagead2.googlesyndication.com\/pagead\/js\/adsbygoogle.js?client=ca-pub-8585364105181520\"\r\n     crossorigin=\"anonymous\"><\/script>\r\n<!-- Anuncio display - global -->\r\n<ins class=\"adsbygoogle\"\r\n     style=\"display:block\"\r\n     data-ad-client=\"ca-pub-8585364105181520\"\r\n     data-ad-slot=\"8789329856\"\r\n     data-ad-format=\"auto\"\r\n     data-full-width-responsive=\"true\"><\/ins>\r\n<script>\r\n     (adsbygoogle = window.adsbygoogle || []).push({});\r\n<\/script>\n<\/div>\n<p>A Secretaria de Sa\u00fade de Osasco, por meio da Vigil\u00e2ncia Epidemiol\u00f3gica, est\u00e1 intensificando a campanha de vacina\u00e7\u00e3o contra o sarampo, medida motivada pela ocorr\u00eancia de um caso confirmado em Campinas, interior de S\u00e3o Paulo.<\/p>\n<p>Todas as pessoas, de qualquer faixa et\u00e1ria e independente da situa\u00e7\u00e3o vacinal, que viajaram ao exterior nos \u00faltimos 30 dias ou tiveram contato com algu\u00e9m nestas condi\u00e7\u00f5es devem ser vacinadas, j\u00e1 que a v\u00edtima adquiriu a doen\u00e7a em Orlando, nos Estados Unidos. Elas devem tamb\u00e9m ficar atentas aos seguintes sintomas: febre, manchas avermelhadas na pele, acompanhadas de tosse, coriza e\/ou conjuntivite.<\/p>\n<p>A Vigil\u00e2ncia Epidemiol\u00f3gica tamb\u00e9m orienta aqueles que ainda n\u00e3o foram vacinados contra o sarampo, a caxumba e a rub\u00e9ola para procurar a Unidade B\u00e1sica de Sa\u00fade mais pr\u00f3xima. Pessoas que v\u00e3o ao exterior ou com pend\u00eancias vacinais, motoristas de t\u00e1xi, funcion\u00e1rios de restaurantes e hot\u00e9is, profissionais do setor de turismo, de sa\u00fade e de educa\u00e7\u00e3o tamb\u00e9m devem ser imunizados.<\/p>\n<p>Segundo o Minist\u00e9rio da Sa\u00fade, a vacina contra o sarampo \u00e9 a \u00fanica medida preventiva e a mais segura. \u00c9 importante que o esquema vacinal esteja completo. A primeira dose deve ser aplicada aos doze meses de vida, e o refor\u00e7o entre quatro a seis anos de idade. Todas as mulheres at\u00e9 49 anos e os homens at\u00e9 39 anos tamb\u00e9m devem ser vacinados. E todos adultos nascidos a partir de 1960 devem ter pelo menos uma dose da vacina aplicada no registro da caderneta de vacina\u00e7\u00e3o.<\/p>\n<p><em>Fonte:\u00a0Departamento de Comunica\u00e7\u00e3o Social<\/em><\/p>\n\n<div style=\"font-size: 0px; height: 0px; line-height: 0px; margin: 0; padding: 0; clear: both;\"><\/div>","protected":false},"excerpt":{"rendered":"<p>A Secretaria de Sa\u00fade de Osasco, por meio da Vigil\u00e2ncia Epidemiol\u00f3gica, est\u00e1 intensificando a campanha de vacina\u00e7\u00e3o contra o sarampo, medida motivada pela ocorr\u00eancia de um caso confirmado em Campinas, interior de S\u00e3o Paulo. Todas as pessoas, de qualquer faixa et\u00e1ria e independente da situa\u00e7\u00e3o vacinal, que viajaram ao exterior nos \u00faltimos 30 dias ou tiveram contato com algu\u00e9m nestas condi\u00e7\u00f5es devem ser vacinadas, j\u00e1 que a v\u00edtima adquiriu a doen\u00e7a em Orlando, nos Estados Unidos. Elas devem tamb\u00e9m ficar atentas aos seguintes sintomas: febre, manchas avermelhadas na pele, acompanhadas de tosse, coriza e\/ou conjuntivite. A Vigil\u00e2ncia Epidemiol\u00f3gica tamb\u00e9m orienta <\/p>\n","protected":false},"author":1,"featured_media":0,"comment_status":"open","ping_status":"closed","sticky":false,"template":"","format":"standard","meta":{"footnotes":""},"categories":[8],"tags":[14],"class_list":["post-246","post","type-post","status-publish","format-standard","hentry","category-servicos-osasco","tag-osasco"],"aioseo_notices":[],"_links":{"self":[{"href":"https:\/\/www.encontraosasco.com.br\/sobre\/wp-json\/wp\/v2\/posts\/246"}],"collection":[{"href":"https:\/\/www.encontraosasco.com.br\/sobre\/wp-json\/wp\/v2\/posts"}],"about":[{"href":"https:\/\/www.encontraosasco.com.br\/sobre\/wp-json\/wp\/v2\/types\/post"}],"author":[{"embeddable":true,"href":"https:\/\/www.encontraosasco.com.br\/sobre\/wp-json\/wp\/v2\/users\/1"}],"replies":[{"embeddable":true,"href":"https:\/\/www.encontraosasco.com.br\/sobre\/wp-json\/wp\/v2\/comments?post=246"}],"version-history":[{"count":0,"href":"https:\/\/www.encontraosasco.com.br\/sobre\/wp-json\/wp\/v2\/posts\/246\/revisions"}],"wp:attachment":[{"href":"https:\/\/www.encontraosasco.com.br\/sobre\/wp-json\/wp\/v2\/media?parent=246"}],"wp:term":[{"taxonomy":"category","embeddable":true,"href":"https:\/\/www.encontraosasco.com.br\/sobre\/wp-json\/wp\/v2\/categories?post=246"},{"taxonomy":"post_tag","embeddable":true,"href":"https:\/\/www.encontraosasco.com.br\/sobre\/wp-json\/wp\/v2\/tags?post=246"}],"curies":[{"name":"wp","href":"https:\/\/api.w.org\/{rel}","templated":true}]}}