{"id":4202,"date":"2017-10-26T19:37:16","date_gmt":"2017-10-26T22:37:16","guid":{"rendered":"http:\/\/www.encontraosasco.com.br\/sobre\/?p=4202"},"modified":"2019-04-12T16:17:24","modified_gmt":"2019-04-12T19:17:24","slug":"presidente-altino-osasco","status":"publish","type":"post","link":"https:\/\/www.encontraosasco.com.br\/sobre\/presidente-altino-osasco\/","title":{"rendered":"Presidente Altino Osasco"},"content":{"rendered":"<div class=\"90b156a7006dfc5832b0651c68b7182c\" data-index=\"1\" style=\"float: none; margin:0px;\">\n<script async src=\"https:\/\/pagead2.googlesyndication.com\/pagead\/js\/adsbygoogle.js?client=ca-pub-8585364105181520\"\r\n     crossorigin=\"anonymous\"><\/script>\r\n<!-- Anuncio display - global -->\r\n<ins class=\"adsbygoogle\"\r\n     style=\"display:block\"\r\n     data-ad-client=\"ca-pub-8585364105181520\"\r\n     data-ad-slot=\"8789329856\"\r\n     data-ad-format=\"auto\"\r\n     data-full-width-responsive=\"true\"><\/ins>\r\n<script>\r\n     (adsbygoogle = window.adsbygoogle || []).push({});\r\n<\/script>\n<\/div>\n<p><b>Presidente Altino<\/b>\u00a0\u00e9 um bairro da cidade de\u00a0Osasco. \u00c9 delimitado ao\u00a0Norte\u00a0pelo bairro\u00a0Ayrosa; a\u00a0Leste\u00a0com o bairro\u00a0Distrito Industrial Altino; ao\u00a0Sul\u00a0com o bairro\u00a0Distrito Industrial Autonomistas; a\u00a0Oeste\u00a0com o bairro\u00a0Bonfim. \u00c9 considerado um bairro de m\u00e9dio padr\u00e3o, com boa infraestrutura e bons \u00edndices de desenvolvimento.\u00a0 A regi\u00e3o foi assim denominada em homenagem a\u00a0Altino Arantes, presidente do estado de S\u00e3o Paulo de\u00a01916\u00a0a\u00a01920.<\/p>\n<p><img loading=\"lazy\" decoding=\"async\" class=\"alignnone wp-image-4203 size-full\" title=\"Presidente Altino Osasco\" src=\"http:\/\/www.encontraosasco.com.br\/sobre\/wp-content\/uploads\/2017\/10\/presidente-altino-osasco.jpg\" alt=\"Presidente Altino Osasco\" width=\"680\" height=\"189\" srcset=\"https:\/\/www.encontraosasco.com.br\/sobre\/wp-content\/uploads\/2017\/10\/presidente-altino-osasco.jpg 680w, https:\/\/www.encontraosasco.com.br\/sobre\/wp-content\/uploads\/2017\/10\/presidente-altino-osasco-300x83.jpg 300w\" sizes=\"(max-width: 680px) 100vw, 680px\" \/><\/p>\n<h3>Esta\u00e7\u00e3o<\/h3>\n<p>O bairro de Presidente Altino conta com uma esta\u00e7\u00e3o de trem da\u00a0CPTM, a\u00a0Esta\u00e7\u00e3o Presidente Altino, com integra\u00e7\u00f5es das Linhas\u00a08\u00a0e\u00a09, antigas linhas B e C, respectivamente.\u00a0 Mais recentemente, no ano de 2007, a esta\u00e7\u00e3o foi reformada, o que incluiu a constru\u00e7\u00e3o de uma passarela de acesso que passa por cima do p\u00e1tio ferrovi\u00e1rio existente ali, ligando o bairro at\u00e9 o, outrora long\u00ednquo, bairro do Jd. Wilson.<\/p>\n<h3>Sa\u00fade<\/h3>\n<ul>\n<li>UBS III Santa Gema Galgani<\/li>\n<li>Centro de Atendimento ao Idoso \u00danico Gall\u00e1frio<\/li>\n<li>Hospital Regional Doutor Vivaldo Martins Sim\u00f5es<\/li>\n<\/ul>\n<h3>Escola<\/h3>\n<ul>\n<li>Creche Ida Belmonte Biscuola<\/li>\n<li>EMEI Thereza Bianchi Collino<\/li>\n<li>EMEF Frei Gaspar da Madre de Deus<\/li>\n<li>EE Professora Alice Velho Teixeira<\/li>\n<li>Escola T\u00e9cnica de Osasco (ETEC)<\/li>\n<li>Col\u00e9gio Presbiteriano<\/li>\n<li>Col\u00e9gio Padr\u00e3o Universal<\/li>\n<li>Escola Caminho Suave<\/li>\n<\/ul>\n<h3><span id=\"Ensino_Profissional\" class=\"mw-headline\">Ensino Profissional<\/span><\/h3>\n<ul>\n<li>SENAI<\/li>\n<\/ul>\n<h3><span id=\"Esportes\" class=\"mw-headline\">Esportes<\/span><\/h3>\n<ul>\n<li><span id=\"Esportes\" class=\"mw-headline\">G<\/span>in\u00e1sio Professor Jos\u00e9 Liberatti<\/li>\n<li>C.A.O (Clube Atl\u00e9tico Osasco)<\/li>\n<li>Quadra do Z\u00e9<\/li>\n<li>Quadra do Edu Manga<\/li>\n<\/ul>\n<h3>Mapa de localiza\u00e7\u00e3o<\/h3>\n<a class=\"wp-colorbox-iframe\" href=\"https:\/\/www.google.com\/maps\/embed?pb=!1m18!1m12!1m3!1d14632.596789908892!2d-46.77608021970541!3d-23.527135655196545!2m3!1f0!2f0!3f0!3m2!1i1024!2i768!4f13.1!3m3!1m2!1s0x94ceff3d38681ae70x1db3db398638be03!2sPres.+Altino+Osasco+-+SP!5e0!3m2!1spt-BR!2sbr!4v1509057209306\"><img decoding=\"async\" src=\"http:\/\/www.encontraosasco.com.br\/imgs\/maps-post.png\"><\/a>\n\n<div style=\"font-size: 0px; height: 0px; line-height: 0px; margin: 0; padding: 0; clear: both;\"><\/div>","protected":false},"excerpt":{"rendered":"<p>Presidente Altino\u00a0\u00e9 um bairro da cidade de\u00a0Osasco. \u00c9 delimitado ao\u00a0Norte\u00a0pelo bairro\u00a0Ayrosa; a\u00a0Leste\u00a0com o bairro\u00a0Distrito Industrial Altino; ao\u00a0Sul\u00a0com o bairro\u00a0Distrito Industrial Autonomistas; a\u00a0Oeste\u00a0com o bairro\u00a0Bonfim. \u00c9 considerado um bairro de m\u00e9dio padr\u00e3o, com boa infraestrutura e bons \u00edndices de desenvolvimento.\u00a0 A regi\u00e3o foi assim denominada em homenagem a\u00a0Altino Arantes, presidente do estado de S\u00e3o Paulo de\u00a01916\u00a0a\u00a01920. Esta\u00e7\u00e3o O bairro de Presidente Altino conta com uma esta\u00e7\u00e3o de trem da\u00a0CPTM, a\u00a0Esta\u00e7\u00e3o Presidente Altino, com integra\u00e7\u00f5es das Linhas\u00a08\u00a0e\u00a09, antigas linhas B e C, respectivamente.\u00a0 Mais recentemente, no ano de 2007, a esta\u00e7\u00e3o foi reformada, o que incluiu a constru\u00e7\u00e3o de uma passarela de <\/p>\n","protected":false},"author":1,"featured_media":4203,"comment_status":"open","ping_status":"closed","sticky":false,"template":"","format":"standard","meta":{"footnotes":""},"categories":[38],"tags":[],"class_list":["post-4202","post","type-post","status-publish","format-standard","has-post-thumbnail","hentry","category-lugares-em-osasco","has_thumb"],"aioseo_notices":[],"_links":{"self":[{"href":"https:\/\/www.encontraosasco.com.br\/sobre\/wp-json\/wp\/v2\/posts\/4202"}],"collection":[{"href":"https:\/\/www.encontraosasco.com.br\/sobre\/wp-json\/wp\/v2\/posts"}],"about":[{"href":"https:\/\/www.encontraosasco.com.br\/sobre\/wp-json\/wp\/v2\/types\/post"}],"author":[{"embeddable":true,"href":"https:\/\/www.encontraosasco.com.br\/sobre\/wp-json\/wp\/v2\/users\/1"}],"replies":[{"embeddable":true,"href":"https:\/\/www.encontraosasco.com.br\/sobre\/wp-json\/wp\/v2\/comments?post=4202"}],"version-history":[{"count":0,"href":"https:\/\/www.encontraosasco.com.br\/sobre\/wp-json\/wp\/v2\/posts\/4202\/revisions"}],"wp:featuredmedia":[{"embeddable":true,"href":"https:\/\/www.encontraosasco.com.br\/sobre\/wp-json\/wp\/v2\/media\/4203"}],"wp:attachment":[{"href":"https:\/\/www.encontraosasco.com.br\/sobre\/wp-json\/wp\/v2\/media?parent=4202"}],"wp:term":[{"taxonomy":"category","embeddable":true,"href":"https:\/\/www.encontraosasco.com.br\/sobre\/wp-json\/wp\/v2\/categories?post=4202"},{"taxonomy":"post_tag","embeddable":true,"href":"https:\/\/www.encontraosasco.com.br\/sobre\/wp-json\/wp\/v2\/tags?post=4202"}],"curies":[{"name":"wp","href":"https:\/\/api.w.org\/{rel}","templated":true}]}}