{"id":4391,"date":"2017-11-13T19:24:08","date_gmt":"2017-11-13T22:24:08","guid":{"rendered":"http:\/\/www.encontraosasco.com.br\/sobre\/?p=4391"},"modified":"2019-04-12T16:17:22","modified_gmt":"2019-04-12T19:17:22","slug":"bela-vista-osasco","status":"publish","type":"post","link":"https:\/\/www.encontraosasco.com.br\/sobre\/bela-vista-osasco\/","title":{"rendered":"Bela Vista Osasco"},"content":{"rendered":"<div class=\"90b156a7006dfc5832b0651c68b7182c\" data-index=\"1\" style=\"float: none; margin:0px;\">\n<script async src=\"https:\/\/pagead2.googlesyndication.com\/pagead\/js\/adsbygoogle.js?client=ca-pub-8585364105181520\"\r\n     crossorigin=\"anonymous\"><\/script>\r\n<!-- Anuncio display - global -->\r\n<ins class=\"adsbygoogle\"\r\n     style=\"display:block\"\r\n     data-ad-client=\"ca-pub-8585364105181520\"\r\n     data-ad-slot=\"8789329856\"\r\n     data-ad-format=\"auto\"\r\n     data-full-width-responsive=\"true\"><\/ins>\r\n<script>\r\n     (adsbygoogle = window.adsbygoogle || []).push({});\r\n<\/script>\n<\/div>\n<p><b>Bela Vista<\/b>\u00a0\u00e9 um\u00a0bairro\u00a0localizado em\u00a0Osasco,\u00a0S\u00e3o Paulo,\u00a0Brasil. Delimitado ao\u00a0Norte\u00a0com o bairro\u00a0Vila Osasco; a\u00a0Leste\u00a0com os bairros\u00a0Centro\u00a0e\u00a0Umuarama; Ao Sul com o bairro\u00a0Jaguaribe; Leste, com o bairro\u00a0Cipava.<\/p>\n<p><img loading=\"lazy\" decoding=\"async\" class=\"alignnone wp-image-4392 size-full\" title=\"Bela Vista Osasco\" src=\"http:\/\/www.encontraosasco.com.br\/sobre\/wp-content\/uploads\/2017\/11\/bela-vista-osasco.jpg\" alt=\"Bela Vista Osasco\" width=\"680\" height=\"189\" srcset=\"https:\/\/www.encontraosasco.com.br\/sobre\/wp-content\/uploads\/2017\/11\/bela-vista-osasco.jpg 680w, https:\/\/www.encontraosasco.com.br\/sobre\/wp-content\/uploads\/2017\/11\/bela-vista-osasco-300x83.jpg 300w\" sizes=\"(max-width: 680px) 100vw, 680px\" \/><\/p>\n<h3>Educa\u00e7\u00e3o<\/h3>\n<ul>\n<li>Creche Seraphina Bissolatti<\/li>\n<li>EMEI Estev\u00e3o Brett<\/li>\n<li>EMEF Jos\u00e9 Martiniano de Alencar<\/li>\n<li>Anglo<\/li>\n<li>Col\u00e9gio Nossa Senhora Da Miseric\u00f3dia<\/li>\n<li>EE Laerte Jos\u00e9 dos Santos<\/li>\n<li>EE Vicente Peixoto<\/li>\n<\/ul>\n<h3>Sa\u00fade<\/h3>\n<ul>\n<li>UBS Santa Maria Goretti<\/li>\n<\/ul>\n<h3>Esportes<\/h3>\n<ul>\n<li>Centro Esportivo Vicente Batista de Carvalho Filho<\/li>\n<\/ul>\n<h3>Mapa de localiza\u00e7\u00e3o<\/h3>\n<a class=\"wp-colorbox-iframe\" href=\"https:\/\/www.google.com\/maps\/embed?pb=!1m18!1m12!1m3!1d14632.197506219583!2d-46.791391753387444!3d-23.53072642377458!2m3!1f0!2f0!3f0!3m2!1i1024!2i768!4f13.1!3m3!1m2!1s0x94ceffa75ac78afb0x39a243becd3adc77!2sIgreja+Adventista+do+Stimo+Dia+-+Jardim+Bela+Vista+(Osasco)!5e0!3m2!1spt-BR!2sbr!4v1510611540309\"><img decoding=\"async\" src=\"http:\/\/www.encontraosasco.com.br\/imgs\/maps-post.png\"><\/a>\n\n<div style=\"font-size: 0px; height: 0px; line-height: 0px; margin: 0; padding: 0; clear: both;\"><\/div>","protected":false},"excerpt":{"rendered":"<p>Bela Vista\u00a0\u00e9 um\u00a0bairro\u00a0localizado em\u00a0Osasco,\u00a0S\u00e3o Paulo,\u00a0Brasil. Delimitado ao\u00a0Norte\u00a0com o bairro\u00a0Vila Osasco; a\u00a0Leste\u00a0com os bairros\u00a0Centro\u00a0e\u00a0Umuarama; Ao Sul com o bairro\u00a0Jaguaribe; Leste, com o bairro\u00a0Cipava. Educa\u00e7\u00e3o Creche Seraphina Bissolatti EMEI Estev\u00e3o Brett EMEF Jos\u00e9 Martiniano de Alencar Anglo Col\u00e9gio Nossa Senhora Da Miseric\u00f3dia EE Laerte Jos\u00e9 dos Santos EE Vicente Peixoto Sa\u00fade UBS Santa Maria Goretti Esportes Centro Esportivo Vicente Batista de Carvalho Filho Mapa de localiza\u00e7\u00e3o<\/p>\n","protected":false},"author":1,"featured_media":4392,"comment_status":"open","ping_status":"closed","sticky":false,"template":"","format":"standard","meta":{"footnotes":""},"categories":[38],"tags":[],"class_list":["post-4391","post","type-post","status-publish","format-standard","has-post-thumbnail","hentry","category-lugares-em-osasco","has_thumb"],"aioseo_notices":[],"_links":{"self":[{"href":"https:\/\/www.encontraosasco.com.br\/sobre\/wp-json\/wp\/v2\/posts\/4391"}],"collection":[{"href":"https:\/\/www.encontraosasco.com.br\/sobre\/wp-json\/wp\/v2\/posts"}],"about":[{"href":"https:\/\/www.encontraosasco.com.br\/sobre\/wp-json\/wp\/v2\/types\/post"}],"author":[{"embeddable":true,"href":"https:\/\/www.encontraosasco.com.br\/sobre\/wp-json\/wp\/v2\/users\/1"}],"replies":[{"embeddable":true,"href":"https:\/\/www.encontraosasco.com.br\/sobre\/wp-json\/wp\/v2\/comments?post=4391"}],"version-history":[{"count":0,"href":"https:\/\/www.encontraosasco.com.br\/sobre\/wp-json\/wp\/v2\/posts\/4391\/revisions"}],"wp:featuredmedia":[{"embeddable":true,"href":"https:\/\/www.encontraosasco.com.br\/sobre\/wp-json\/wp\/v2\/media\/4392"}],"wp:attachment":[{"href":"https:\/\/www.encontraosasco.com.br\/sobre\/wp-json\/wp\/v2\/media?parent=4391"}],"wp:term":[{"taxonomy":"category","embeddable":true,"href":"https:\/\/www.encontraosasco.com.br\/sobre\/wp-json\/wp\/v2\/categories?post=4391"},{"taxonomy":"post_tag","embeddable":true,"href":"https:\/\/www.encontraosasco.com.br\/sobre\/wp-json\/wp\/v2\/tags?post=4391"}],"curies":[{"name":"wp","href":"https:\/\/api.w.org\/{rel}","templated":true}]}}