{"id":4477,"date":"2017-11-26T20:38:48","date_gmt":"2017-11-26T23:38:48","guid":{"rendered":"http:\/\/www.encontraosasco.com.br\/sobre\/?p=4477"},"modified":"2019-04-12T16:17:01","modified_gmt":"2019-04-12T19:17:01","slug":"jucesp-osasco","status":"publish","type":"post","link":"https:\/\/www.encontraosasco.com.br\/sobre\/jucesp-osasco\/","title":{"rendered":"Jucesp Osasco"},"content":{"rendered":"<div class=\"90b156a7006dfc5832b0651c68b7182c\" data-index=\"1\" style=\"float: none; margin:0px;\">\n<script async src=\"https:\/\/pagead2.googlesyndication.com\/pagead\/js\/adsbygoogle.js?client=ca-pub-8585364105181520\"\r\n     crossorigin=\"anonymous\"><\/script>\r\n<!-- Anuncio display - global -->\r\n<ins class=\"adsbygoogle\"\r\n     style=\"display:block\"\r\n     data-ad-client=\"ca-pub-8585364105181520\"\r\n     data-ad-slot=\"8789329856\"\r\n     data-ad-format=\"auto\"\r\n     data-full-width-responsive=\"true\"><\/ins>\r\n<script>\r\n     (adsbygoogle = window.adsbygoogle || []).push({});\r\n<\/script>\n<\/div>\n<p>A Junta Comercial do Estado de S\u00e3o Paulo (Jucesp) mant\u00e9m a ess\u00eancia de seu trabalho desde quando foi criada pelo Decreto 596, de 19 de julho de 1890, at\u00e9 os dias atuais. \u00c9 o \u00f3rg\u00e3o respons\u00e1vel pelo registro, f\u00e9 p\u00fablica e publicidade dos documentos arquivados pelos empres\u00e1rios, sociedades empres\u00e1rias e sociedades cooperativas no Estado.<\/p>\n<p>As atribui\u00e7\u00f5es da Jucesp est\u00e3o estabelecidas na Lei Complementar Estadual n\u00b0 1.187\/2012 e na Lei Federal n\u00b0 8.934\/1994, que disp\u00f5e sobre os Servi\u00e7os de Registro P\u00fablico de Empresas Mercantis e Atividades Afins. Veja mais informa\u00e7\u00f5es sobre a <strong>Jucesp Osasco.<\/strong><\/p>\n<p><img loading=\"lazy\" decoding=\"async\" class=\"alignnone wp-image-4478 size-full\" title=\"Jucesp Osasco\" src=\"http:\/\/www.encontraosasco.com.br\/sobre\/wp-content\/uploads\/2017\/11\/jucesp-osasco.jpg\" alt=\"Jucesp Osasco\" width=\"680\" height=\"189\" srcset=\"https:\/\/www.encontraosasco.com.br\/sobre\/wp-content\/uploads\/2017\/11\/jucesp-osasco.jpg 680w, https:\/\/www.encontraosasco.com.br\/sobre\/wp-content\/uploads\/2017\/11\/jucesp-osasco-300x83.jpg 300w\" sizes=\"(max-width: 680px) 100vw, 680px\" \/><\/p>\n<p>O Escrit\u00f3rio Regional de Osasco, tem por finalidade ser uma extens\u00e3o da Junta Comercial de S\u00e3o Paulo, podendo emitir Certid\u00f5es Simplificadas de documentos arquivados como tamb\u00e9m, Ficha Cadastral de empresas registradas na\u00a0JUCESP.<\/p>\n<h2>Jucesp\u00a0Osasco\u00a0Processo<\/h2>\n<p>Voc\u00ea pode acessar os processos na Jucesp pelo site. Clique no bot\u00e3o processo e utilize o n\u00famero do seu protocolo para visualizar.<\/p>\n<h3>Hor\u00e1rio de Funcionamento\u00a0Jucesp em Osasco<\/h3>\n<ul>\n<li>Segunda a Sexta: das 09h \u00e0s 16h30<\/li>\n<\/ul>\n<h3>Endere\u00e7o e Telefone\u00a0Jucesp em Osasco<\/h3>\n<ul>\n<li>R. Dr. Mariano Jatati Marcondes Ferraz, 260A &#8211; Centro\u00a0&#8211; Osasco &#8211; SP<\/li>\n<li>Telefone: (11)\u00a04557-6171<\/li>\n<\/ul>\n<h3>Outras informa\u00e7\u00f5es e site<\/h3>\n<ul>\n<li>Mais informa\u00e7\u00f5es:\u00a0<a href=\"http:\/\/sincomercioosasco.org.br\" target=\"_blank\" rel=\"noopener noreferrer\">www.sincomercioosasco.org.br<\/a><\/li>\n<\/ul>\n<h4>Mapa de localiza\u00e7\u00e3o<\/h4>\n<a class=\"wp-colorbox-iframe\" href=\"https:\/\/www.google.com\/maps\/embed?pb=!1m14!1m8!1m3!1d14632.513002543212!2d-46.7803361!3d-23.5278892!3m2!1i1024!2i768!4f13.1!3m3!1m2!1s0x00x9462e77f2b50cac0!2sJUNTA+COMERCIAL+OSASCO+-+JUCESP!5e0!3m2!1spt-BR!2sbr!4v1511739304088\"><img decoding=\"async\" src=\"http:\/\/www.encontraosasco.com.br\/imgs\/maps-post.png\"><\/a>\n\n<div style=\"font-size: 0px; height: 0px; line-height: 0px; margin: 0; padding: 0; clear: both;\"><\/div>","protected":false},"excerpt":{"rendered":"<p>A Junta Comercial do Estado de S\u00e3o Paulo (Jucesp) mant\u00e9m a ess\u00eancia de seu trabalho desde quando foi criada pelo Decreto 596, de 19 de julho de 1890, at\u00e9 os dias atuais. \u00c9 o \u00f3rg\u00e3o respons\u00e1vel pelo registro, f\u00e9 p\u00fablica e publicidade dos documentos arquivados pelos empres\u00e1rios, sociedades empres\u00e1rias e sociedades cooperativas no Estado. As atribui\u00e7\u00f5es da Jucesp est\u00e3o estabelecidas na Lei Complementar Estadual n\u00b0 1.187\/2012 e na Lei Federal n\u00b0 8.934\/1994, que disp\u00f5e sobre os Servi\u00e7os de Registro P\u00fablico de Empresas Mercantis e Atividades Afins. Veja mais informa\u00e7\u00f5es sobre a Jucesp Osasco. O Escrit\u00f3rio Regional de Osasco, tem por <\/p>\n","protected":false},"author":1,"featured_media":4478,"comment_status":"open","ping_status":"closed","sticky":false,"template":"","format":"standard","meta":{"footnotes":""},"categories":[38],"tags":[],"class_list":["post-4477","post","type-post","status-publish","format-standard","has-post-thumbnail","hentry","category-lugares-em-osasco","has_thumb"],"aioseo_notices":[],"_links":{"self":[{"href":"https:\/\/www.encontraosasco.com.br\/sobre\/wp-json\/wp\/v2\/posts\/4477"}],"collection":[{"href":"https:\/\/www.encontraosasco.com.br\/sobre\/wp-json\/wp\/v2\/posts"}],"about":[{"href":"https:\/\/www.encontraosasco.com.br\/sobre\/wp-json\/wp\/v2\/types\/post"}],"author":[{"embeddable":true,"href":"https:\/\/www.encontraosasco.com.br\/sobre\/wp-json\/wp\/v2\/users\/1"}],"replies":[{"embeddable":true,"href":"https:\/\/www.encontraosasco.com.br\/sobre\/wp-json\/wp\/v2\/comments?post=4477"}],"version-history":[{"count":0,"href":"https:\/\/www.encontraosasco.com.br\/sobre\/wp-json\/wp\/v2\/posts\/4477\/revisions"}],"wp:featuredmedia":[{"embeddable":true,"href":"https:\/\/www.encontraosasco.com.br\/sobre\/wp-json\/wp\/v2\/media\/4478"}],"wp:attachment":[{"href":"https:\/\/www.encontraosasco.com.br\/sobre\/wp-json\/wp\/v2\/media?parent=4477"}],"wp:term":[{"taxonomy":"category","embeddable":true,"href":"https:\/\/www.encontraosasco.com.br\/sobre\/wp-json\/wp\/v2\/categories?post=4477"},{"taxonomy":"post_tag","embeddable":true,"href":"https:\/\/www.encontraosasco.com.br\/sobre\/wp-json\/wp\/v2\/tags?post=4477"}],"curies":[{"name":"wp","href":"https:\/\/api.w.org\/{rel}","templated":true}]}}