{"id":4763,"date":"2019-09-11T17:55:59","date_gmt":"2019-09-11T20:55:59","guid":{"rendered":"https:\/\/www.encontraosasco.com.br\/sobre\/?p=4763"},"modified":"2019-09-11T18:59:57","modified_gmt":"2019-09-11T21:59:57","slug":"centro-de-detencao-provisoria-cdp-dois-em-osasco","status":"publish","type":"post","link":"https:\/\/www.encontraosasco.com.br\/sobre\/centro-de-detencao-provisoria-cdp-dois-em-osasco\/","title":{"rendered":"Centro de Deten\u00e7\u00e3o Provis\u00f3ria &#8211; CDP II em Osasco"},"content":{"rendered":"<div class=\"90b156a7006dfc5832b0651c68b7182c\" data-index=\"1\" style=\"float: none; margin:0px;\">\n<script async src=\"https:\/\/pagead2.googlesyndication.com\/pagead\/js\/adsbygoogle.js?client=ca-pub-8585364105181520\"\r\n     crossorigin=\"anonymous\"><\/script>\r\n<!-- Anuncio display - global -->\r\n<ins class=\"adsbygoogle\"\r\n     style=\"display:block\"\r\n     data-ad-client=\"ca-pub-8585364105181520\"\r\n     data-ad-slot=\"8789329856\"\r\n     data-ad-format=\"auto\"\r\n     data-full-width-responsive=\"true\"><\/ins>\r\n<script>\r\n     (adsbygoogle = window.adsbygoogle || []).push({});\r\n<\/script>\n<\/div>\n<p><strong>CDP<\/strong> destina-se ao recolhimento de presos provis\u00f3rios (recolhidos em raz\u00e3o de pris\u00e3o em flagrante, pris\u00e3o tempor\u00e1ria ou pris\u00e3o preventiva) e n\u00e3o ao cumprimento de pena definitiva.<\/p>\n<p>Cada comarca ter\u00e1, pelo menos 1 (uma) cadeia p\u00fablica a fim de resguardar o interesse da Administra\u00e7\u00e3o da Justi\u00e7a Criminal e a perman\u00eancia do preso em local pr\u00f3ximo ao seu meio social e familiar.<\/p>\n<p>O estabelecimento ser\u00e1 instalado pr\u00f3ximo de centro urbano, observando-se na constru\u00e7\u00e3o as exig\u00eancias m\u00ednimas referidas no artigo 88 da LEP.<\/p>\n<p><img loading=\"lazy\" decoding=\"async\" class=\"alignnone wp-image-4764 size-full\" title=\"Cadeia P\u00fablica de Osasco\" src=\"https:\/\/www.encontraosasco.com.br\/sobre\/wp-content\/uploads\/2019\/09\/cdp-osasco.jpg\" alt=\"\" width=\"696\" height=\"190\" srcset=\"https:\/\/www.encontraosasco.com.br\/sobre\/wp-content\/uploads\/2019\/09\/cdp-osasco.jpg 696w, https:\/\/www.encontraosasco.com.br\/sobre\/wp-content\/uploads\/2019\/09\/cdp-osasco-300x82.jpg 300w\" sizes=\"(max-width: 696px) 100vw, 696px\" \/><\/p>\n<h2>Sobre Centro de Deten\u00e7\u00e3o Provis\u00f3ria em\u00a0Osasco &#8211; CDP II Osasco<\/h2>\n<p>O Governo do Estado criou um sistema para impedir a perman\u00eancia de presos nos distritos policiais. Nesse modelo foram criados:<\/p>\n<p><strong>Centro de Deten\u00e7\u00e3o Provis\u00f3ria (CDP)<\/strong> \u2013 Locais onde ficam os presos que aguardam julgamento. S\u00e3o unidades com cerca de 760 vagas.<\/p>\n<p><strong>Penitenci\u00e1ria Compacta<\/strong> \u2013 Ap\u00f3s o julgamento, de acordo com a pena, os condenados seguem para uma penitenci\u00e1ria de regime fechado, semi-aberto ou para uma Penitenci\u00e1ria Compacta. Esta \u00e9 como um CDP, mas com caracter\u00edstica de penitenci\u00e1ria, com cozinha, oficinas e salas de aula.<\/p>\n<p><strong>Centro de Ressocializa\u00e7\u00e3o de Presos (CRP)<\/strong> \u2013 Unidades localizadas em cidades m\u00e9dias do Interior para abrigar presos prim\u00e1rios e de baixa periculosidade. Esses Centros abrigam tanto detentos em regime semi-aberto como fechado.<\/p>\n<p><strong>Centro de Progress\u00e3o Penitenci\u00e1ria (CPP)<\/strong> \u2013 Local espec\u00edfico para abrigar os detentos que cumprem o final da pena. Em regime semi-aberto, esta \u00e9 a pen\u00faltima etapa da senten\u00e7a. Depois, o preso tem liberdade condicional ou vai para o regime aberto.<\/p>\n<h3>Como Funciona o CDP2 de Osasco<\/h3>\n<p>As visitas t\u00eam a finalidade de preservar e estreitar as rela\u00e7\u00f5es do preso com a sociedade, a fam\u00edlia, a companheira e os parentes, sob vigil\u00e2ncia e com limita\u00e7\u00f5es, ressocializando-o e reintegrando-o de forma espont\u00e2nea ao \u00e2mbito familiar e comunit\u00e1rio quando do cumprimento da pena.<\/p>\n<p>A pessoa que deseja visitar um familiar nas unidades prisionais do Estado deve solicitar ao preso que seu nome seja inclu\u00eddo em seu rol de visitas. Ap\u00f3s deve se encaminhar at\u00e9 a unidade prisional e junto ao Setor de Rol de Visitas requerer a confec\u00e7\u00e3o da carteirinha de visitante.<\/p>\n<p><strong>QUEM PODE VISITAR O PRESO?<\/strong><\/p>\n<p>Os presos podem receber visitas de parentes de at\u00e9 2\u00ba grau (pai, m\u00e3e, irm\u00e3o, filhos, netos, av\u00f4, av\u00f3), do c\u00f4njuge ou da companheira de comprovado v\u00ednculo afetivo, desde que registradas no rol de visitantes e devidamente autorizadas pela \u00e1rea de seguran\u00e7a e disciplina, ap\u00f3s entrevista com o servi\u00e7o social da unidade.<\/p>\n<p><strong>QUAIS OS DOCUMENTOS NECESS\u00c1RIOS?<\/strong><\/p>\n<ul>\n<li>\u00a0Para o registro do visitante, o mesmo dever\u00e1 providenciar:<\/li>\n<li>C\u00f3pia autenticada da carteira da identidade;<\/li>\n<li>\u00a0Documento que comprove o grau de parentesco com o preso (certid\u00e3o de casamento, certid\u00e3o de nascimento, declara\u00e7\u00e3o de uni\u00e3o est\u00e1vel, etc..)<\/li>\n<li>\u00a0C\u00f3pia autenticada da carteira de identidade;<\/li>\n<li>\u00a0Certid\u00e3o de antecedentes criminais do Munic\u00edpio apontado como resid\u00eancia;<\/li>\n<li>\u00a0Comprovante de endere\u00e7o recente e em nome da pessoa (c\u00f3pia de contrato de loca\u00e7\u00e3o de im\u00f3vel, c\u00f3pia de escritura do im\u00f3vel quando casa pr\u00f3pria ou c\u00f3pia de conta de \u00e1gua, luz, g\u00e1s ou telefone, acompanhada de declara\u00e7\u00e3o particular com firma reconhecida quando a conta n\u00e3o estiver no nome do visitante);<\/li>\n<li>02 (duas) fotos 3&#215;4 recentes.<\/li>\n<\/ul>\n<h3>CDP II Osasco &#8211; Jumbo<\/h3>\n<p>O nome &#8220;<strong>jumbo<\/strong>&#8221; \u00e9 o apelido que os presos d\u00e3o ao pacote com os produtos enviados pelas fam\u00edlias. O estado fornece produtos de higiene pessoal, alimenta\u00e7\u00e3o e vestu\u00e1rio para os presos, mas as fam\u00edlias podem levar aos pres\u00eddios o que eles gostam de usar ou comer.<\/p>\n<h3>Hor\u00e1rio de Funcionamento\u00a0CDP em Osasco<\/h3>\n<ul>\n<li>Segunda a Sexta: das 08h \u00e0s 16h30<\/li>\n<\/ul>\n<h3>Endere\u00e7o e Telefone CDP 2 em Osasco<\/h3>\n<ul>\n<li>Rod. Raposo Tavares Km 20,\u00a0 550 &#8211; Santa Maria, Osasco &#8211; SP<\/li>\n<li>Telefone: (11) 3694-3254<\/li>\n<\/ul>\n<h4>Mapa de localiza\u00e7\u00e3o<\/h4>\n<a class=\"wp-colorbox-iframe\" href=\"https:\/\/www.google.com\/maps\/embed?pb=!1m14!1m8!1m3!1d14624.888371387024!2d-46.808267!3d-23.5963666!3m2!1i1024!2i768!4f13.1!3m3!1m2!1s0x00xee3d4c1b5006f174!2sCentrodeDetenoIIVandaRitaBritodoRegoeusdeOsasco-CDPIIdeOsasco!5e0!3m2!1spt-BR!2sbr!4v1568235418893!5m2!1spt-BR!2sbr\"><img decoding=\"async\" src=\"http:\/\/www.encontraosasco.com.br\/imgs\/maps-post.png\"><\/a>\n\n<div style=\"font-size: 0px; height: 0px; line-height: 0px; margin: 0; padding: 0; clear: both;\"><\/div>","protected":false},"excerpt":{"rendered":"<p>CDP destina-se ao recolhimento de presos provis\u00f3rios (recolhidos em raz\u00e3o de pris\u00e3o em flagrante, pris\u00e3o tempor\u00e1ria ou pris\u00e3o preventiva) e n\u00e3o ao cumprimento de pena definitiva. Cada comarca ter\u00e1, pelo menos 1 (uma) cadeia p\u00fablica a fim de resguardar o interesse da Administra\u00e7\u00e3o da Justi\u00e7a Criminal e a perman\u00eancia do preso em local pr\u00f3ximo ao seu meio social e familiar. O estabelecimento ser\u00e1 instalado pr\u00f3ximo de centro urbano, observando-se na constru\u00e7\u00e3o as exig\u00eancias m\u00ednimas referidas no artigo 88 da LEP. Sobre Centro de Deten\u00e7\u00e3o Provis\u00f3ria em\u00a0Osasco &#8211; CDP II Osasco O Governo do Estado criou um sistema para impedir a <\/p>\n","protected":false},"author":1,"featured_media":4764,"comment_status":"open","ping_status":"closed","sticky":false,"template":"","format":"standard","meta":{"footnotes":""},"categories":[38],"tags":[],"class_list":["post-4763","post","type-post","status-publish","format-standard","has-post-thumbnail","hentry","category-lugares-em-osasco","has_thumb"],"aioseo_notices":[],"_links":{"self":[{"href":"https:\/\/www.encontraosasco.com.br\/sobre\/wp-json\/wp\/v2\/posts\/4763"}],"collection":[{"href":"https:\/\/www.encontraosasco.com.br\/sobre\/wp-json\/wp\/v2\/posts"}],"about":[{"href":"https:\/\/www.encontraosasco.com.br\/sobre\/wp-json\/wp\/v2\/types\/post"}],"author":[{"embeddable":true,"href":"https:\/\/www.encontraosasco.com.br\/sobre\/wp-json\/wp\/v2\/users\/1"}],"replies":[{"embeddable":true,"href":"https:\/\/www.encontraosasco.com.br\/sobre\/wp-json\/wp\/v2\/comments?post=4763"}],"version-history":[{"count":0,"href":"https:\/\/www.encontraosasco.com.br\/sobre\/wp-json\/wp\/v2\/posts\/4763\/revisions"}],"wp:featuredmedia":[{"embeddable":true,"href":"https:\/\/www.encontraosasco.com.br\/sobre\/wp-json\/wp\/v2\/media\/4764"}],"wp:attachment":[{"href":"https:\/\/www.encontraosasco.com.br\/sobre\/wp-json\/wp\/v2\/media?parent=4763"}],"wp:term":[{"taxonomy":"category","embeddable":true,"href":"https:\/\/www.encontraosasco.com.br\/sobre\/wp-json\/wp\/v2\/categories?post=4763"},{"taxonomy":"post_tag","embeddable":true,"href":"https:\/\/www.encontraosasco.com.br\/sobre\/wp-json\/wp\/v2\/tags?post=4763"}],"curies":[{"name":"wp","href":"https:\/\/api.w.org\/{rel}","templated":true}]}}