{"id":630,"date":"2011-12-08T16:11:09","date_gmt":"2011-12-08T19:11:09","guid":{"rendered":"http:\/\/www.encontraosasco.com.br\/noticias\/?p=630"},"modified":"2019-04-12T16:20:14","modified_gmt":"2019-04-12T19:20:14","slug":"dois-sao-presos-em-flagrante-por-roubo-em-osasco","status":"publish","type":"post","link":"https:\/\/www.encontraosasco.com.br\/sobre\/dois-sao-presos-em-flagrante-por-roubo-em-osasco\/","title":{"rendered":"Dois s\u00e3o presos em flagrante por roubo em Osasco"},"content":{"rendered":"<p>Dois homens foram parar na cadeia ap\u00f3s serem presos, em flagrante, suspeitos de terem roubado um com\u00e9rcio, em Quita\u00fana, na zona Sul de guia de Osasco. A pris\u00e3o foi feita por policiais militares da 3\u00aa Cia do 14\u00ba BPM que faziam patrulhamento de rotina pelo bairro, quando ouviram um disparo de arma de fogo e, em seguida, avistaram dois homens fugindo. Ap\u00f3s uma breve persegui\u00e7\u00e3o, os policiais realizaram a abordagem dos suspeitos. Com a dupla foi apreendida uma arma calibre 38.<\/p>\n<p><em>Fonte: Di\u00e1rio da Regi\u00e3o<\/em><\/p>\n","protected":false},"excerpt":{"rendered":"<p>Dois homens foram parar na cadeia ap\u00f3s serem presos, em flagrante, suspeitos de terem roubado um com\u00e9rcio, em Quita\u00fana, na zona Sul de guia de Osasco. A pris\u00e3o foi feita por policiais militares da 3\u00aa Cia do 14\u00ba BPM que faziam patrulhamento de rotina pelo bairro, quando ouviram um disparo de arma de fogo e, em seguida, avistaram dois homens fugindo. Ap\u00f3s uma breve persegui\u00e7\u00e3o, os policiais realizaram a abordagem dos suspeitos. Com a dupla foi apreendida uma arma calibre 38. Fonte: Di\u00e1rio da Regi\u00e3o<\/p>\n","protected":false},"author":1,"featured_media":0,"comment_status":"open","ping_status":"closed","sticky":false,"template":"","format":"standard","meta":{"footnotes":""},"categories":[6],"tags":[14],"class_list":["post-630","post","type-post","status-publish","format-standard","hentry","category-noticias-osasco","tag-osasco"],"aioseo_notices":[],"aioseo_head":"\n\t\t<!-- All in One SEO 5.0.0.1 - aioseo.com -->\n\t<meta name=\"description\" content=\"Dois homens foram parar na cadeia ap\u00f3s serem presos, em flagrante, suspeitos de terem roubado um com\u00e9rcio, em Quita\u00fana, na zona Sul de guia de Osasco. A pris\u00e3o foi feita por policiais militares da 3\u00aa Cia do 14\u00ba BPM que faziam patrulhamento de rotina pelo bairro, quando ouviram um disparo de arma de fogo e,\" \/>\n\t<meta name=\"robots\" content=\"max-image-preview:large\" \/>\n\t<meta name=\"author\" content=\"Encontra Osasco\"\/>\n\t<link rel=\"canonical\" href=\"https:\/\/www.encontraosasco.com.br\/sobre\/dois-sao-presos-em-flagrante-por-roubo-em-osasco\/\" \/>\n\t<meta name=\"generator\" content=\"All in One SEO (AIOSEO) 5.0.0.1\" \/>\n\t\t<meta property=\"og:locale\" content=\"pt_BR\" \/>\n\t\t<meta property=\"og:site_name\" content=\"Encontra Osasco | Not\u00edcias, eventos, informa\u00e7\u00f5es e dicas na cidade de Osasco e regi\u00e3o\" \/>\n\t\t<meta property=\"og:type\" content=\"article\" \/>\n\t\t<meta property=\"og:title\" content=\"Dois s\u00e3o presos em flagrante por roubo em Osasco | Encontra Osasco\" \/>\n\t\t<meta property=\"og:description\" content=\"Dois homens foram parar na cadeia ap\u00f3s serem presos, em flagrante, suspeitos de terem roubado um com\u00e9rcio, em Quita\u00fana, na zona Sul de guia de Osasco. A pris\u00e3o foi feita por policiais militares da 3\u00aa Cia do 14\u00ba BPM que faziam patrulhamento de rotina pelo bairro, quando ouviram um disparo de arma de fogo e,\" \/>\n\t\t<meta property=\"og:url\" content=\"https:\/\/www.encontraosasco.com.br\/sobre\/dois-sao-presos-em-flagrante-por-roubo-em-osasco\/\" \/>\n\t\t<meta property=\"article:published_time\" content=\"2011-12-08T19:11:09+00:00\" \/>\n\t\t<meta property=\"article:modified_time\" content=\"2019-04-12T19:20:14+00:00\" \/>\n\t\t<meta name=\"twitter:card\" content=\"summary\" \/>\n\t\t<meta name=\"twitter:title\" content=\"Dois s\u00e3o presos em flagrante por roubo em Osasco | Encontra Osasco\" \/>\n\t\t<meta name=\"twitter:description\" content=\"Dois homens foram parar na cadeia ap\u00f3s serem presos, em flagrante, suspeitos de terem roubado um com\u00e9rcio, em Quita\u00fana, na zona Sul de guia de Osasco. A pris\u00e3o foi feita por policiais militares da 3\u00aa Cia do 14\u00ba BPM que faziam patrulhamento de rotina pelo bairro, quando ouviram um disparo de arma de fogo e,\" \/>\n\t\t<script type=\"application\/ld+json\" class=\"aioseo-schema\">\n\t\t\t{\"@context\":\"https:\\\/\\\/schema.org\",\"@graph\":[{\"@type\":\"Article\",\"@id\":\"https:\\\/\\\/www.encontraosasco.com.br\\\/sobre\\\/dois-sao-presos-em-flagrante-por-roubo-em-osasco\\\/#article\",\"name\":\"Dois s\\u00e3o presos em flagrante por roubo em Osasco | Encontra Osasco\",\"headline\":\"Dois s\\u00e3o presos em flagrante por roubo em Osasco\",\"author\":{\"@id\":\"https:\\\/\\\/www.encontraosasco.com.br\\\/sobre\\\/author\\\/eosasco\\\/#author\"},\"publisher\":{\"@id\":\"https:\\\/\\\/www.encontraosasco.com.br\\\/sobre\\\/#organization\"},\"datePublished\":\"2011-12-08T16:11:09-03:00\",\"dateModified\":\"2019-04-12T16:20:14-03:00\",\"inLanguage\":\"pt-BR\",\"mainEntityOfPage\":{\"@id\":\"https:\\\/\\\/www.encontraosasco.com.br\\\/sobre\\\/dois-sao-presos-em-flagrante-por-roubo-em-osasco\\\/#webpage\"},\"isPartOf\":{\"@id\":\"https:\\\/\\\/www.encontraosasco.com.br\\\/sobre\\\/dois-sao-presos-em-flagrante-por-roubo-em-osasco\\\/#webpage\"},\"articleSection\":\"Not\\u00edcias Osasco, Osasco\"},{\"@type\":\"BreadcrumbList\",\"@id\":\"https:\\\/\\\/www.encontraosasco.com.br\\\/sobre\\\/dois-sao-presos-em-flagrante-por-roubo-em-osasco\\\/#breadcrumblist\",\"itemListElement\":[{\"@type\":\"ListItem\",\"@id\":\"https:\\\/\\\/www.encontraosasco.com.br\\\/sobre#listItem\",\"position\":1,\"name\":\"In\\u00edcio\",\"item\":\"https:\\\/\\\/www.encontraosasco.com.br\\\/sobre\",\"nextItem\":{\"@type\":\"ListItem\",\"@id\":\"https:\\\/\\\/www.encontraosasco.com.br\\\/sobre\\\/noticias-osasco\\\/#listItem\",\"name\":\"Not\\u00edcias Osasco\"}},{\"@type\":\"ListItem\",\"@id\":\"https:\\\/\\\/www.encontraosasco.com.br\\\/sobre\\\/noticias-osasco\\\/#listItem\",\"position\":2,\"name\":\"Not\\u00edcias Osasco\",\"item\":\"https:\\\/\\\/www.encontraosasco.com.br\\\/sobre\\\/noticias-osasco\\\/\",\"nextItem\":{\"@type\":\"ListItem\",\"@id\":\"https:\\\/\\\/www.encontraosasco.com.br\\\/sobre\\\/dois-sao-presos-em-flagrante-por-roubo-em-osasco\\\/#listItem\",\"name\":\"Dois s\\u00e3o presos em flagrante por roubo em Osasco\"},\"previousItem\":{\"@type\":\"ListItem\",\"@id\":\"https:\\\/\\\/www.encontraosasco.com.br\\\/sobre#listItem\",\"name\":\"In\\u00edcio\"}},{\"@type\":\"ListItem\",\"@id\":\"https:\\\/\\\/www.encontraosasco.com.br\\\/sobre\\\/dois-sao-presos-em-flagrante-por-roubo-em-osasco\\\/#listItem\",\"position\":3,\"name\":\"Dois s\\u00e3o presos em flagrante por roubo em Osasco\",\"previousItem\":{\"@type\":\"ListItem\",\"@id\":\"https:\\\/\\\/www.encontraosasco.com.br\\\/sobre\\\/noticias-osasco\\\/#listItem\",\"name\":\"Not\\u00edcias Osasco\"}}]},{\"@type\":\"Organization\",\"@id\":\"https:\\\/\\\/www.encontraosasco.com.br\\\/sobre\\\/#organization\",\"name\":\"Encontra Osasco\",\"description\":\"Not\\u00edcias, eventos, informa\\u00e7\\u00f5es e dicas na cidade de Osasco e regi\\u00e3o\",\"url\":\"https:\\\/\\\/www.encontraosasco.com.br\\\/sobre\\\/\"},{\"@type\":\"Person\",\"@id\":\"https:\\\/\\\/www.encontraosasco.com.br\\\/sobre\\\/author\\\/eosasco\\\/#author\",\"url\":\"https:\\\/\\\/www.encontraosasco.com.br\\\/sobre\\\/author\\\/eosasco\\\/\",\"name\":\"Encontra Osasco\",\"image\":{\"@type\":\"ImageObject\",\"@id\":\"https:\\\/\\\/www.encontraosasco.com.br\\\/sobre\\\/dois-sao-presos-em-flagrante-por-roubo-em-osasco\\\/#authorImage\",\"url\":\"https:\\\/\\\/secure.gravatar.com\\\/avatar\\\/507340682b8270222e1f208e23198b6ae7e2c6a1033ae84e99bc6bce4f82a387?s=96&d=mm&r=g\",\"width\":96,\"height\":96,\"caption\":\"Encontra Osasco\"}},{\"@type\":\"WebPage\",\"@id\":\"https:\\\/\\\/www.encontraosasco.com.br\\\/sobre\\\/dois-sao-presos-em-flagrante-por-roubo-em-osasco\\\/#webpage\",\"url\":\"https:\\\/\\\/www.encontraosasco.com.br\\\/sobre\\\/dois-sao-presos-em-flagrante-por-roubo-em-osasco\\\/\",\"name\":\"Dois s\\u00e3o presos em flagrante por roubo em Osasco | Encontra Osasco\",\"description\":\"Dois homens foram parar na cadeia ap\\u00f3s serem presos, em flagrante, suspeitos de terem roubado um com\\u00e9rcio, em Quita\\u00fana, na zona Sul de guia de Osasco. A pris\\u00e3o foi feita por policiais militares da 3\\u00aa Cia do 14\\u00ba BPM que faziam patrulhamento de rotina pelo bairro, quando ouviram um disparo de arma de fogo e,\",\"inLanguage\":\"pt-BR\",\"isPartOf\":{\"@id\":\"https:\\\/\\\/www.encontraosasco.com.br\\\/sobre\\\/#website\"},\"breadcrumb\":{\"@id\":\"https:\\\/\\\/www.encontraosasco.com.br\\\/sobre\\\/dois-sao-presos-em-flagrante-por-roubo-em-osasco\\\/#breadcrumblist\"},\"author\":{\"@id\":\"https:\\\/\\\/www.encontraosasco.com.br\\\/sobre\\\/author\\\/eosasco\\\/#author\"},\"creator\":{\"@id\":\"https:\\\/\\\/www.encontraosasco.com.br\\\/sobre\\\/author\\\/eosasco\\\/#author\"},\"datePublished\":\"2011-12-08T16:11:09-03:00\",\"dateModified\":\"2019-04-12T16:20:14-03:00\"},{\"@type\":\"WebSite\",\"@id\":\"https:\\\/\\\/www.encontraosasco.com.br\\\/sobre\\\/#website\",\"url\":\"https:\\\/\\\/www.encontraosasco.com.br\\\/sobre\\\/\",\"name\":\"Encontra Osasco\",\"description\":\"Not\\u00edcias, eventos, informa\\u00e7\\u00f5es e dicas na cidade de Osasco e regi\\u00e3o\",\"inLanguage\":\"pt-BR\",\"publisher\":{\"@id\":\"https:\\\/\\\/www.encontraosasco.com.br\\\/sobre\\\/#organization\"}}]}\n\t\t<\/script>\n\t\t<!-- All in One SEO -->\n\n","aioseo_head_json":{"title":"Dois s\u00e3o presos em flagrante por roubo em Osasco | Encontra Osasco","description":"Dois homens foram parar na cadeia ap\u00f3s serem presos, em flagrante, suspeitos de terem roubado um com\u00e9rcio, em Quita\u00fana, na zona Sul de guia de Osasco. A pris\u00e3o foi feita por policiais militares da 3\u00aa Cia do 14\u00ba BPM que faziam patrulhamento de rotina pelo bairro, quando ouviram um disparo de arma de fogo e,","canonical_url":"https:\/\/www.encontraosasco.com.br\/sobre\/dois-sao-presos-em-flagrante-por-roubo-em-osasco\/","robots":"max-image-preview:large","keywords":"","webmasterTools":{"miscellaneous":""},"schema":{"@context":"https:\/\/schema.org","@graph":[{"@type":"Article","@id":"https:\/\/www.encontraosasco.com.br\/sobre\/dois-sao-presos-em-flagrante-por-roubo-em-osasco\/#article","name":"Dois s\u00e3o presos em flagrante por roubo em Osasco | Encontra Osasco","headline":"Dois s\u00e3o presos em flagrante por roubo em Osasco","author":{"@id":"https:\/\/www.encontraosasco.com.br\/sobre\/author\/eosasco\/#author"},"publisher":{"@id":"https:\/\/www.encontraosasco.com.br\/sobre\/#organization"},"datePublished":"2011-12-08T16:11:09-03:00","dateModified":"2019-04-12T16:20:14-03:00","inLanguage":"pt-BR","mainEntityOfPage":{"@id":"https:\/\/www.encontraosasco.com.br\/sobre\/dois-sao-presos-em-flagrante-por-roubo-em-osasco\/#webpage"},"isPartOf":{"@id":"https:\/\/www.encontraosasco.com.br\/sobre\/dois-sao-presos-em-flagrante-por-roubo-em-osasco\/#webpage"},"articleSection":"Not\u00edcias Osasco, Osasco"},{"@type":"BreadcrumbList","@id":"https:\/\/www.encontraosasco.com.br\/sobre\/dois-sao-presos-em-flagrante-por-roubo-em-osasco\/#breadcrumblist","itemListElement":[{"@type":"ListItem","@id":"https:\/\/www.encontraosasco.com.br\/sobre#listItem","position":1,"name":"In\u00edcio","item":"https:\/\/www.encontraosasco.com.br\/sobre","nextItem":{"@type":"ListItem","@id":"https:\/\/www.encontraosasco.com.br\/sobre\/noticias-osasco\/#listItem","name":"Not\u00edcias Osasco"}},{"@type":"ListItem","@id":"https:\/\/www.encontraosasco.com.br\/sobre\/noticias-osasco\/#listItem","position":2,"name":"Not\u00edcias Osasco","item":"https:\/\/www.encontraosasco.com.br\/sobre\/noticias-osasco\/","nextItem":{"@type":"ListItem","@id":"https:\/\/www.encontraosasco.com.br\/sobre\/dois-sao-presos-em-flagrante-por-roubo-em-osasco\/#listItem","name":"Dois s\u00e3o presos em flagrante por roubo em Osasco"},"previousItem":{"@type":"ListItem","@id":"https:\/\/www.encontraosasco.com.br\/sobre#listItem","name":"In\u00edcio"}},{"@type":"ListItem","@id":"https:\/\/www.encontraosasco.com.br\/sobre\/dois-sao-presos-em-flagrante-por-roubo-em-osasco\/#listItem","position":3,"name":"Dois s\u00e3o presos em flagrante por roubo em Osasco","previousItem":{"@type":"ListItem","@id":"https:\/\/www.encontraosasco.com.br\/sobre\/noticias-osasco\/#listItem","name":"Not\u00edcias Osasco"}}]},{"@type":"Organization","@id":"https:\/\/www.encontraosasco.com.br\/sobre\/#organization","name":"Encontra Osasco","description":"Not\u00edcias, eventos, informa\u00e7\u00f5es e dicas na cidade de Osasco e regi\u00e3o","url":"https:\/\/www.encontraosasco.com.br\/sobre\/"},{"@type":"Person","@id":"https:\/\/www.encontraosasco.com.br\/sobre\/author\/eosasco\/#author","url":"https:\/\/www.encontraosasco.com.br\/sobre\/author\/eosasco\/","name":"Encontra Osasco","image":{"@type":"ImageObject","@id":"https:\/\/www.encontraosasco.com.br\/sobre\/dois-sao-presos-em-flagrante-por-roubo-em-osasco\/#authorImage","url":"https:\/\/secure.gravatar.com\/avatar\/507340682b8270222e1f208e23198b6ae7e2c6a1033ae84e99bc6bce4f82a387?s=96&d=mm&r=g","width":96,"height":96,"caption":"Encontra Osasco"}},{"@type":"WebPage","@id":"https:\/\/www.encontraosasco.com.br\/sobre\/dois-sao-presos-em-flagrante-por-roubo-em-osasco\/#webpage","url":"https:\/\/www.encontraosasco.com.br\/sobre\/dois-sao-presos-em-flagrante-por-roubo-em-osasco\/","name":"Dois s\u00e3o presos em flagrante por roubo em Osasco | Encontra Osasco","description":"Dois homens foram parar na cadeia ap\u00f3s serem presos, em flagrante, suspeitos de terem roubado um com\u00e9rcio, em Quita\u00fana, na zona Sul de guia de Osasco. A pris\u00e3o foi feita por policiais militares da 3\u00aa Cia do 14\u00ba BPM que faziam patrulhamento de rotina pelo bairro, quando ouviram um disparo de arma de fogo e,","inLanguage":"pt-BR","isPartOf":{"@id":"https:\/\/www.encontraosasco.com.br\/sobre\/#website"},"breadcrumb":{"@id":"https:\/\/www.encontraosasco.com.br\/sobre\/dois-sao-presos-em-flagrante-por-roubo-em-osasco\/#breadcrumblist"},"author":{"@id":"https:\/\/www.encontraosasco.com.br\/sobre\/author\/eosasco\/#author"},"creator":{"@id":"https:\/\/www.encontraosasco.com.br\/sobre\/author\/eosasco\/#author"},"datePublished":"2011-12-08T16:11:09-03:00","dateModified":"2019-04-12T16:20:14-03:00"},{"@type":"WebSite","@id":"https:\/\/www.encontraosasco.com.br\/sobre\/#website","url":"https:\/\/www.encontraosasco.com.br\/sobre\/","name":"Encontra Osasco","description":"Not\u00edcias, eventos, informa\u00e7\u00f5es e dicas na cidade de Osasco e regi\u00e3o","inLanguage":"pt-BR","publisher":{"@id":"https:\/\/www.encontraosasco.com.br\/sobre\/#organization"}}]},"og:locale":"pt_BR","og:site_name":"Encontra Osasco | Not\u00edcias, eventos, informa\u00e7\u00f5es e dicas na cidade de Osasco e regi\u00e3o","og:type":"article","og:title":"Dois s\u00e3o presos em flagrante por roubo em Osasco | Encontra Osasco","og:description":"Dois homens foram parar na cadeia ap\u00f3s serem presos, em flagrante, suspeitos de terem roubado um com\u00e9rcio, em Quita\u00fana, na zona Sul de guia de Osasco. A pris\u00e3o foi feita por policiais militares da 3\u00aa Cia do 14\u00ba BPM que faziam patrulhamento de rotina pelo bairro, quando ouviram um disparo de arma de fogo e,","og:url":"https:\/\/www.encontraosasco.com.br\/sobre\/dois-sao-presos-em-flagrante-por-roubo-em-osasco\/","article:published_time":"2011-12-08T19:11:09+00:00","article:modified_time":"2019-04-12T19:20:14+00:00","twitter:card":"summary","twitter:title":"Dois s\u00e3o presos em flagrante por roubo em Osasco | Encontra Osasco","twitter:description":"Dois homens foram parar na cadeia ap\u00f3s serem presos, em flagrante, suspeitos de terem roubado um com\u00e9rcio, em Quita\u00fana, na zona Sul de guia de Osasco. A pris\u00e3o foi feita por policiais militares da 3\u00aa Cia do 14\u00ba BPM que faziam patrulhamento de rotina pelo bairro, quando ouviram um disparo de arma de fogo e,"},"aioseo_meta_data":{"post_id":"630","title":null,"description":null,"keywords":null,"keyphrases":null,"primary_term":null,"canonical_url":null,"og_title":null,"og_description":null,"og_object_type":"default","og_image_type":"default","og_image_url":null,"og_image_width":null,"og_image_height":null,"og_image_custom_url":null,"og_image_custom_fields":null,"og_video":null,"og_custom_url":null,"og_article_section":null,"og_article_tags":null,"twitter_use_og":false,"twitter_card":"default","twitter_image_type":"default","twitter_image_url":null,"twitter_image_custom_url":null,"twitter_image_custom_fields":null,"twitter_title":null,"twitter_description":null,"schema":{"blockGraphs":[],"customGraphs":[],"default":{"data":{"Article":[],"Course":[],"Dataset":[],"FAQPage":[],"Movie":[],"Person":[],"Product":[],"ProductReview":[],"Car":[],"Recipe":[],"Service":[],"SoftwareApplication":[],"WebPage":[]},"graphName":"Article","isEnabled":true},"graphs":[]},"schema_type":null,"schema_type_options":null,"pillar_content":false,"robots_default":true,"robots_noindex":false,"robots_noarchive":false,"robots_nosnippet":false,"robots_nofollow":false,"robots_noimageindex":false,"robots_noodp":false,"robots_notranslate":false,"robots_max_snippet":null,"robots_max_videopreview":null,"robots_max_imagepreview":"large","priority":null,"frequency":null,"local_seo":null,"breadcrumb_settings":null,"limit_modified_date":false,"ai":null,"created":"2021-08-13 20:29:41","updated":"2026-08-06 00:13:42","focus_keyword":null,"additional_keywords":null,"truseo_locale":null,"seo_analyzer_scan_date":null},"aioseo_breadcrumb":"<div class=\"aioseo-breadcrumbs\"><span class=\"aioseo-breadcrumb\">\n\t\t\t<a href=\"https:\/\/www.encontraosasco.com.br\/sobre\" title=\"In\u00edcio\">In\u00edcio<\/a>\n\t\t<\/span><span class=\"aioseo-breadcrumb-separator\">&raquo;<\/span><span class=\"aioseo-breadcrumb\">\n\t\t\t<a href=\"https:\/\/www.encontraosasco.com.br\/sobre\/noticias-osasco\/\" title=\"Not\u00edcias Osasco\">Not\u00edcias Osasco<\/a>\n\t\t<\/span><span class=\"aioseo-breadcrumb-separator\">&raquo;<\/span><span class=\"aioseo-breadcrumb\">\n\t\t\tDois s\u00e3o presos em flagrante por roubo em Osasco\n\t\t<\/span><\/div>","aioseo_breadcrumb_json":[{"label":"In\u00edcio","link":"https:\/\/www.encontraosasco.com.br\/sobre"},{"label":"Not\u00edcias Osasco","link":"https:\/\/www.encontraosasco.com.br\/sobre\/noticias-osasco\/"},{"label":"Dois s\u00e3o presos em flagrante por roubo em Osasco","link":"https:\/\/www.encontraosasco.com.br\/sobre\/dois-sao-presos-em-flagrante-por-roubo-em-osasco\/"}],"_links":{"self":[{"href":"https:\/\/www.encontraosasco.com.br\/sobre\/wp-json\/wp\/v2\/posts\/630","targetHints":{"allow":["GET"]}}],"collection":[{"href":"https:\/\/www.encontraosasco.com.br\/sobre\/wp-json\/wp\/v2\/posts"}],"about":[{"href":"https:\/\/www.encontraosasco.com.br\/sobre\/wp-json\/wp\/v2\/types\/post"}],"author":[{"embeddable":true,"href":"https:\/\/www.encontraosasco.com.br\/sobre\/wp-json\/wp\/v2\/users\/1"}],"replies":[{"embeddable":true,"href":"https:\/\/www.encontraosasco.com.br\/sobre\/wp-json\/wp\/v2\/comments?post=630"}],"version-history":[{"count":0,"href":"https:\/\/www.encontraosasco.com.br\/sobre\/wp-json\/wp\/v2\/posts\/630\/revisions"}],"wp:attachment":[{"href":"https:\/\/www.encontraosasco.com.br\/sobre\/wp-json\/wp\/v2\/media?parent=630"}],"wp:term":[{"taxonomy":"category","embeddable":true,"href":"https:\/\/www.encontraosasco.com.br\/sobre\/wp-json\/wp\/v2\/categories?post=630"},{"taxonomy":"post_tag","embeddable":true,"href":"https:\/\/www.encontraosasco.com.br\/sobre\/wp-json\/wp\/v2\/tags?post=630"}],"curies":[{"name":"wp","href":"https:\/\/api.w.org\/{rel}","templated":true}]}}