{"id":8900,"date":"2026-09-01T07:39:40","date_gmt":"2026-09-01T10:39:40","guid":{"rendered":"https:\/\/www.encontraosasco.com.br\/sobre\/menina-de-8-anos-revela-que-ficou-famosa-na-escola-apos-choro-e-abraco-em-neymar\/"},"modified":"2026-09-01T07:39:40","modified_gmt":"2026-09-01T10:39:40","slug":"menina-de-8-anos-revela-que-ficou-famosa-na-escola-apos-choro-e-abraco-em-neymar","status":"publish","type":"post","link":"https:\/\/www.encontraosasco.com.br\/sobre\/menina-de-8-anos-revela-que-ficou-famosa-na-escola-apos-choro-e-abraco-em-neymar\/","title":{"rendered":"Menina de 8 anos revela que ficou famosa na escola ap\u00f3s choro e abra\u00e7o em Neymar"},"content":{"rendered":"<h2>O Encontro Emocionante<\/h2>\n<p>Em um dia memor\u00e1vel para Vit\u00f3ria, uma menina de apenas oito anos de Osasco, a emo\u00e7\u00e3o tomou conta do ambiente quando ela teve a oportunidade de se encontrar com seu \u00eddolo, Neymar, durante uma partida realizada na Vila Belmiro, onde o Santos Futebol Clube jogava. A pequena foi filmada chorando antes de conseguir se aproximar do craque, e o momento em que finalmente a abra\u00e7ou se transformou em uma cena tocante que capturou a aten\u00e7\u00e3o de muitos. O pai de Vit\u00f3ria, Diogo F\u00e1varo J\u00fanior, que atua como criador de conte\u00fado, relatou como esse encontro m\u00e1gico se tornou viral, tocando os cora\u00e7\u00f5es de pessoas ao redor do Brasil.<\/p>\n<h2>A Repercuss\u00e3o do V\u00eddeo Viral<\/h2>\n<p>O v\u00eddeo que documenta este momento emocionante de Vit\u00f3ria rapidamente ganhou notoriedade nas redes sociais, especialmente no Twitter, onde muitos usu\u00e1rios compartilharam suas rea\u00e7\u00f5es e impress\u00f5es sobre a cena. A simples express\u00e3o de felicidade e os sentimentos genu\u00ednos que a menina demonstrou ressoaram com milhares, levando esta hist\u00f3ria a se espalhar rapidamente pela internet. Em poucos dias, a menina n\u00e3o apenas se tornou um tema de conversa nas redes sociais, mas tamb\u00e9m nas escolas da regi\u00e3o, onde seus colegas a viam como uma celebridade.<\/p>\n<h2>Como Vit\u00f3ria Se Sentiu Ap\u00f3s o Abra\u00e7o<\/h2>\n<p>Ap\u00f3s o encontro com Neymar, Vit\u00f3ria experimentou um turbilh\u00e3o de emo\u00e7\u00f5es. Em entrevista, ela descreveu a sensa\u00e7\u00e3o de ter abra\u00e7ado seu \u00eddolo como &#8220;incr\u00edvel&#8221;, mal conseguindo conter a alegria. A conex\u00e3o que ela sentiu no momento deu a ela uma nova perspectiva sobre o que significa ser uma f\u00e3, ampliando sua admira\u00e7\u00e3o por Neymar e pelo esporte. Essa experi\u00eancia n\u00e3o a marcou apenas pessoalmente, mas tamb\u00e9m fortaleceu seu esp\u00edrito e confian\u00e7a, transformando-a na &#8220;menina famosa&#8221; da sua escola.<\/p>\n<p><img decoding=\"async\" src=\"https:\/\/www.encontraosasco.com.br\/sobre\/wp-content\/uploads\/2026\/09\/menina-de-8-anos-revela-que-ficou-famosa-na-escola-apos-choro-e-abraco-em-neymar.webp\" alt=\"menina famosa\" loading=\"lazy\" \/><\/p>\n<h2>Diogo: O Pai Criador de Conte\u00fado<\/h2>\n<p>Diogo F\u00e1varo J\u00fanior, o pai de Vit\u00f3ria, tem se dedicado a criar conte\u00fados sobre o Santos Futebol Clube por aproximadamente dois anos e meio. Ele levou sua filha ao jogo com a esperan\u00e7a de proporcionar a ela uma experi\u00eancia \u00fanica, sem saber que isso faria com que sua vida mudasse t\u00e3o repentinamente. A examina\u00e7\u00e3o de Diogo sobre sua jornada como criador de conte\u00fado e a maneira como ele tem capturado momentos especiais com sua filha desvela o impacto que as redes sociais podem ter na vida das pessoas comuns e em suas hist\u00f3rias familiares.<\/p>\n<h2>Impacto nas Redes Sociais<\/h2>\n<p>A repercuss\u00e3o desse abra\u00e7o n\u00e3o se limitou apenas a Osasco, mas se espalhou por v\u00e1rias plataformas sociais. O que antes era apenas um momento particular entre pai e filha se transformou em um exemplo de como a emo\u00e7\u00e3o e autenticidade se destacam nas redes sociais. A hashtag do v\u00eddeo e postagens relacionadas continuaram a se espalhar, permitindo que mais pessoas se conectassem com a hist\u00f3ria, mostrando a for\u00e7a da conex\u00e3o humana que pode ser criada atrav\u00e9s de eventos simples, como um abra\u00e7o.<\/p>\n<h2>A Escalada de Fama na Escola<\/h2>\n<p>A fama repentina de Vit\u00f3ria teve um efeito not\u00e1vel em sua vida escolar. Ela, que era apenas uma estudante comum, passou a ser o centro das aten\u00e7\u00f5es, sendo cercada por colegas que desejavam conhec\u00ea-la e tirar fotos. Essa nova popularidade trouxe um misto de alegria e desafio; enquanto ela se alegrava com a nova aten\u00e7\u00e3o, tamb\u00e9m sentia a press\u00e3o que a fama poderia trazer, mostrando que mesmo em tenra idade, a exposi\u00e7\u00e3o pode ter suas complica\u00e7\u00f5es.<\/p>\n<h2>O Papel dos Influenciadores<\/h2>\n<p>A hist\u00f3ria de Vit\u00f3ria tamb\u00e9m destaca o papel crescente dos influenciadores nas redes sociais e como esses indiv\u00edduos podem impactar significativamente a vida de pessoas comuns. Desde que o v\u00eddeo se tornou viral, influenciadores come\u00e7aram a compartilhar a hist\u00f3ria e a mobilizar seus seguidores para expressar apoio \u00e0 menina. As redes sociais s\u00e3o um espa\u00e7o poderoso onde as hist\u00f3rias podem ganhar vida, e a de Vit\u00f3ria se tornou um exemplo perfeito dessa din\u00e2mica.<\/p>\n<h2>Como a M\u00eddia Reagiu<\/h2>\n<p>A cobertura da hist\u00f3ria nas m\u00eddias tradicionais n\u00e3o demorou a acompanhar o furor das redes sociais. V\u00e1rias publica\u00e7\u00f5es e programas de TV entraram em contato com Diogo e Vit\u00f3ria, interessados em compartilhar sua experi\u00eancia e o que significou para eles esse encontro providencial. A cobertura midi\u00e1tica amplificou ainda mais a notoriedade da pequena, levando sua hist\u00f3ria a p\u00fablicos que talvez n\u00e3o acessassem a internet regularmente, mostrando como as novas e as m\u00eddias tradicionais podem interagir.<\/p>\n<h2>Reflex\u00f5es sobre a Fama na Inf\u00e2ncia<\/h2>\n<p>A escalada de fama de Vit\u00f3ria tamb\u00e9m suscita uma s\u00e9rie de reflex\u00f5es sobre o impacto da fama na inf\u00e2ncia. Enquanto muitas vezes celebramos e desejamos que as crian\u00e7as sejam reconhecidas por suas conquistas ou momentos especiais, \u00e9 fundamental considerar as vibra\u00e7\u00f5es psicol\u00f3gicas que esta aten\u00e7\u00e3o pode atrair. Mitos sobre fama e popularidade na inf\u00e2ncia s\u00e3o frequentemente idealizados, mas a realidade pode ser bem menos glamourosa. Como a fam\u00edlia e os educadores podem apoiar crian\u00e7as em momentos de transi\u00e7\u00e3o como esses \u00e9 uma quest\u00e3o ainda em aberto.<\/p>\n<h2>A Cria\u00e7\u00e3o de Mem\u00f3rias Inesquec\u00edveis<\/h2>\n<p>Independentemente do desenrolar da notoriedade de Vit\u00f3ria, a experi\u00eancia de ter abra\u00e7ado Neymar se tornou uma mem\u00f3ria que com certeza ela sempre levar\u00e1 consigo. Momentos como este lembram a todos n\u00f3s da import\u00e2ncia do apoio familiar e da oportunidade de criar experi\u00eancias que se transformam em mem\u00f3rias significativas. A emo\u00e7\u00e3o pura que o encontro proporcionou n\u00e3o \u00e9 apenas uma hist\u00f3ria para passar adiante, mas um exemplo claro de como um simples ato de amor e conex\u00e3o pode impactar a vida de algu\u00e9m, mesmo quando se \u00e9 t\u00e3o jovem.<\/p>\n","protected":false},"excerpt":{"rendered":"<p>Menina de 8 anos fica famosa na escola ap\u00f3s encontrar Neymar.<\/p>\n","protected":false},"author":1,"featured_media":8899,"comment_status":"closed","ping_status":"closed","sticky":false,"template":"","format":"standard","meta":{"footnotes":""},"categories":[],"tags":[],"class_list":["post-8900","post","type-post","status-publish","format-standard","has-post-thumbnail","hentry","has_thumb"],"aioseo_notices":[],"aioseo_head":"\n\t\t<!-- All in One SEO 5.0.0.1 - aioseo.com -->\n\t<meta name=\"description\" content=\"Menina de 8 anos fica famosa na escola ap\u00f3s encontrar Neymar.\" \/>\n\t<meta name=\"robots\" content=\"max-image-preview:large\" \/>\n\t<meta name=\"author\" content=\"Encontra Osasco\"\/>\n\t<link rel=\"canonical\" href=\"https:\/\/www.encontraosasco.com.br\/sobre\/menina-de-8-anos-revela-que-ficou-famosa-na-escola-apos-choro-e-abraco-em-neymar\/\" \/>\n\t<meta name=\"generator\" content=\"All in One SEO (AIOSEO) 5.0.0.1\" \/>\n\t\t<meta property=\"og:locale\" content=\"pt_BR\" \/>\n\t\t<meta property=\"og:site_name\" content=\"Encontra Osasco | Not\u00edcias, eventos, informa\u00e7\u00f5es e dicas na cidade de Osasco e regi\u00e3o\" \/>\n\t\t<meta property=\"og:type\" content=\"article\" \/>\n\t\t<meta property=\"og:title\" content=\"Menina de 8 anos revela que ficou famosa na escola ap\u00f3s choro e abra\u00e7o em Neymar | Encontra Osasco\" \/>\n\t\t<meta property=\"og:description\" content=\"Menina de 8 anos fica famosa na escola ap\u00f3s encontrar Neymar.\" \/>\n\t\t<meta property=\"og:url\" content=\"https:\/\/www.encontraosasco.com.br\/sobre\/menina-de-8-anos-revela-que-ficou-famosa-na-escola-apos-choro-e-abraco-em-neymar\/\" \/>\n\t\t<meta property=\"article:published_time\" content=\"2026-09-01T10:39:40+00:00\" \/>\n\t\t<meta property=\"article:modified_time\" content=\"2026-09-01T10:39:40+00:00\" \/>\n\t\t<meta name=\"twitter:card\" content=\"summary\" \/>\n\t\t<meta name=\"twitter:title\" content=\"Menina de 8 anos revela que ficou famosa na escola ap\u00f3s choro e abra\u00e7o em Neymar | Encontra Osasco\" \/>\n\t\t<meta name=\"twitter:description\" content=\"Menina de 8 anos fica famosa na escola ap\u00f3s encontrar Neymar.\" \/>\n\t\t<script type=\"application\/ld+json\" class=\"aioseo-schema\">\n\t\t\t{\"@context\":\"https:\\\/\\\/schema.org\",\"@graph\":[{\"@type\":\"Article\",\"@id\":\"https:\\\/\\\/www.encontraosasco.com.br\\\/sobre\\\/menina-de-8-anos-revela-que-ficou-famosa-na-escola-apos-choro-e-abraco-em-neymar\\\/#article\",\"name\":\"Menina de 8 anos revela que ficou famosa na escola ap\\u00f3s choro e abra\\u00e7o em Neymar | Encontra Osasco\",\"headline\":\"Menina de 8 anos revela que ficou famosa na escola ap\\u00f3s choro e abra\\u00e7o em Neymar\",\"author\":{\"@id\":\"https:\\\/\\\/www.encontraosasco.com.br\\\/sobre\\\/author\\\/eosasco\\\/#author\"},\"publisher\":{\"@id\":\"https:\\\/\\\/www.encontraosasco.com.br\\\/sobre\\\/#organization\"},\"image\":{\"@type\":\"ImageObject\",\"url\":\"https:\\\/\\\/www.encontraosasco.com.br\\\/sobre\\\/wp-content\\\/uploads\\\/2026\\\/09\\\/menina-de-8-anos-revela-que-ficou-famosa-na-escola-apos-choro-e-abraco-em-neymar.webp\",\"width\":280,\"height\":280,\"caption\":\"menina famosa\"},\"datePublished\":\"2026-09-01T07:39:40-03:00\",\"dateModified\":\"2026-09-01T07:39:40-03:00\",\"inLanguage\":\"pt-BR\",\"mainEntityOfPage\":{\"@id\":\"https:\\\/\\\/www.encontraosasco.com.br\\\/sobre\\\/menina-de-8-anos-revela-que-ficou-famosa-na-escola-apos-choro-e-abraco-em-neymar\\\/#webpage\"},\"isPartOf\":{\"@id\":\"https:\\\/\\\/www.encontraosasco.com.br\\\/sobre\\\/menina-de-8-anos-revela-que-ficou-famosa-na-escola-apos-choro-e-abraco-em-neymar\\\/#webpage\"}},{\"@type\":\"BreadcrumbList\",\"@id\":\"https:\\\/\\\/www.encontraosasco.com.br\\\/sobre\\\/menina-de-8-anos-revela-que-ficou-famosa-na-escola-apos-choro-e-abraco-em-neymar\\\/#breadcrumblist\",\"itemListElement\":[{\"@type\":\"ListItem\",\"@id\":\"https:\\\/\\\/www.encontraosasco.com.br\\\/sobre#listItem\",\"position\":1,\"name\":\"In\\u00edcio\",\"item\":\"https:\\\/\\\/www.encontraosasco.com.br\\\/sobre\",\"nextItem\":{\"@type\":\"ListItem\",\"@id\":\"https:\\\/\\\/www.encontraosasco.com.br\\\/sobre\\\/menina-de-8-anos-revela-que-ficou-famosa-na-escola-apos-choro-e-abraco-em-neymar\\\/#listItem\",\"name\":\"Menina de 8 anos revela que ficou famosa na escola ap\\u00f3s choro e abra\\u00e7o em Neymar\"}},{\"@type\":\"ListItem\",\"@id\":\"https:\\\/\\\/www.encontraosasco.com.br\\\/sobre\\\/menina-de-8-anos-revela-que-ficou-famosa-na-escola-apos-choro-e-abraco-em-neymar\\\/#listItem\",\"position\":2,\"name\":\"Menina de 8 anos revela que ficou famosa na escola ap\\u00f3s choro e abra\\u00e7o em Neymar\",\"previousItem\":{\"@type\":\"ListItem\",\"@id\":\"https:\\\/\\\/www.encontraosasco.com.br\\\/sobre#listItem\",\"name\":\"In\\u00edcio\"}}]},{\"@type\":\"Organization\",\"@id\":\"https:\\\/\\\/www.encontraosasco.com.br\\\/sobre\\\/#organization\",\"name\":\"Encontra Osasco\",\"description\":\"Not\\u00edcias, eventos, informa\\u00e7\\u00f5es e dicas na cidade de Osasco e regi\\u00e3o\",\"url\":\"https:\\\/\\\/www.encontraosasco.com.br\\\/sobre\\\/\"},{\"@type\":\"Person\",\"@id\":\"https:\\\/\\\/www.encontraosasco.com.br\\\/sobre\\\/author\\\/eosasco\\\/#author\",\"url\":\"https:\\\/\\\/www.encontraosasco.com.br\\\/sobre\\\/author\\\/eosasco\\\/\",\"name\":\"Encontra Osasco\",\"image\":{\"@type\":\"ImageObject\",\"@id\":\"https:\\\/\\\/www.encontraosasco.com.br\\\/sobre\\\/menina-de-8-anos-revela-que-ficou-famosa-na-escola-apos-choro-e-abraco-em-neymar\\\/#authorImage\",\"url\":\"https:\\\/\\\/secure.gravatar.com\\\/avatar\\\/507340682b8270222e1f208e23198b6ae7e2c6a1033ae84e99bc6bce4f82a387?s=96&d=mm&r=g\",\"width\":96,\"height\":96,\"caption\":\"Encontra Osasco\"}},{\"@type\":\"WebPage\",\"@id\":\"https:\\\/\\\/www.encontraosasco.com.br\\\/sobre\\\/menina-de-8-anos-revela-que-ficou-famosa-na-escola-apos-choro-e-abraco-em-neymar\\\/#webpage\",\"url\":\"https:\\\/\\\/www.encontraosasco.com.br\\\/sobre\\\/menina-de-8-anos-revela-que-ficou-famosa-na-escola-apos-choro-e-abraco-em-neymar\\\/\",\"name\":\"Menina de 8 anos revela que ficou famosa na escola ap\\u00f3s choro e abra\\u00e7o em Neymar | Encontra Osasco\",\"description\":\"Menina de 8 anos fica famosa na escola ap\\u00f3s encontrar Neymar.\",\"inLanguage\":\"pt-BR\",\"isPartOf\":{\"@id\":\"https:\\\/\\\/www.encontraosasco.com.br\\\/sobre\\\/#website\"},\"breadcrumb\":{\"@id\":\"https:\\\/\\\/www.encontraosasco.com.br\\\/sobre\\\/menina-de-8-anos-revela-que-ficou-famosa-na-escola-apos-choro-e-abraco-em-neymar\\\/#breadcrumblist\"},\"author\":{\"@id\":\"https:\\\/\\\/www.encontraosasco.com.br\\\/sobre\\\/author\\\/eosasco\\\/#author\"},\"creator\":{\"@id\":\"https:\\\/\\\/www.encontraosasco.com.br\\\/sobre\\\/author\\\/eosasco\\\/#author\"},\"image\":{\"@type\":\"ImageObject\",\"url\":\"https:\\\/\\\/www.encontraosasco.com.br\\\/sobre\\\/wp-content\\\/uploads\\\/2026\\\/09\\\/menina-de-8-anos-revela-que-ficou-famosa-na-escola-apos-choro-e-abraco-em-neymar.webp\",\"@id\":\"https:\\\/\\\/www.encontraosasco.com.br\\\/sobre\\\/menina-de-8-anos-revela-que-ficou-famosa-na-escola-apos-choro-e-abraco-em-neymar\\\/#mainImage\",\"width\":280,\"height\":280,\"caption\":\"menina famosa\"},\"primaryImageOfPage\":{\"@id\":\"https:\\\/\\\/www.encontraosasco.com.br\\\/sobre\\\/menina-de-8-anos-revela-que-ficou-famosa-na-escola-apos-choro-e-abraco-em-neymar\\\/#mainImage\"},\"datePublished\":\"2026-09-01T07:39:40-03:00\",\"dateModified\":\"2026-09-01T07:39:40-03:00\"},{\"@type\":\"WebSite\",\"@id\":\"https:\\\/\\\/www.encontraosasco.com.br\\\/sobre\\\/#website\",\"url\":\"https:\\\/\\\/www.encontraosasco.com.br\\\/sobre\\\/\",\"name\":\"Encontra Osasco\",\"description\":\"Not\\u00edcias, eventos, informa\\u00e7\\u00f5es e dicas na cidade de Osasco e regi\\u00e3o\",\"inLanguage\":\"pt-BR\",\"publisher\":{\"@id\":\"https:\\\/\\\/www.encontraosasco.com.br\\\/sobre\\\/#organization\"}}]}\n\t\t<\/script>\n\t\t<!-- All in One SEO -->\n\n","aioseo_head_json":{"title":"Menina de 8 anos revela que ficou famosa na escola ap\u00f3s choro e abra\u00e7o em Neymar | Encontra Osasco","description":"Menina de 8 anos fica famosa na escola ap\u00f3s encontrar Neymar.","canonical_url":"https:\/\/www.encontraosasco.com.br\/sobre\/menina-de-8-anos-revela-que-ficou-famosa-na-escola-apos-choro-e-abraco-em-neymar\/","robots":"max-image-preview:large","keywords":"","webmasterTools":{"miscellaneous":""},"schema":{"@context":"https:\/\/schema.org","@graph":[{"@type":"Article","@id":"https:\/\/www.encontraosasco.com.br\/sobre\/menina-de-8-anos-revela-que-ficou-famosa-na-escola-apos-choro-e-abraco-em-neymar\/#article","name":"Menina de 8 anos revela que ficou famosa na escola ap\u00f3s choro e abra\u00e7o em Neymar | Encontra Osasco","headline":"Menina de 8 anos revela que ficou famosa na escola ap\u00f3s choro e abra\u00e7o em Neymar","author":{"@id":"https:\/\/www.encontraosasco.com.br\/sobre\/author\/eosasco\/#author"},"publisher":{"@id":"https:\/\/www.encontraosasco.com.br\/sobre\/#organization"},"image":{"@type":"ImageObject","url":"https:\/\/www.encontraosasco.com.br\/sobre\/wp-content\/uploads\/2026\/09\/menina-de-8-anos-revela-que-ficou-famosa-na-escola-apos-choro-e-abraco-em-neymar.webp","width":280,"height":280,"caption":"menina famosa"},"datePublished":"2026-09-01T07:39:40-03:00","dateModified":"2026-09-01T07:39:40-03:00","inLanguage":"pt-BR","mainEntityOfPage":{"@id":"https:\/\/www.encontraosasco.com.br\/sobre\/menina-de-8-anos-revela-que-ficou-famosa-na-escola-apos-choro-e-abraco-em-neymar\/#webpage"},"isPartOf":{"@id":"https:\/\/www.encontraosasco.com.br\/sobre\/menina-de-8-anos-revela-que-ficou-famosa-na-escola-apos-choro-e-abraco-em-neymar\/#webpage"}},{"@type":"BreadcrumbList","@id":"https:\/\/www.encontraosasco.com.br\/sobre\/menina-de-8-anos-revela-que-ficou-famosa-na-escola-apos-choro-e-abraco-em-neymar\/#breadcrumblist","itemListElement":[{"@type":"ListItem","@id":"https:\/\/www.encontraosasco.com.br\/sobre#listItem","position":1,"name":"In\u00edcio","item":"https:\/\/www.encontraosasco.com.br\/sobre","nextItem":{"@type":"ListItem","@id":"https:\/\/www.encontraosasco.com.br\/sobre\/menina-de-8-anos-revela-que-ficou-famosa-na-escola-apos-choro-e-abraco-em-neymar\/#listItem","name":"Menina de 8 anos revela que ficou famosa na escola ap\u00f3s choro e abra\u00e7o em Neymar"}},{"@type":"ListItem","@id":"https:\/\/www.encontraosasco.com.br\/sobre\/menina-de-8-anos-revela-que-ficou-famosa-na-escola-apos-choro-e-abraco-em-neymar\/#listItem","position":2,"name":"Menina de 8 anos revela que ficou famosa na escola ap\u00f3s choro e abra\u00e7o em Neymar","previousItem":{"@type":"ListItem","@id":"https:\/\/www.encontraosasco.com.br\/sobre#listItem","name":"In\u00edcio"}}]},{"@type":"Organization","@id":"https:\/\/www.encontraosasco.com.br\/sobre\/#organization","name":"Encontra Osasco","description":"Not\u00edcias, eventos, informa\u00e7\u00f5es e dicas na cidade de Osasco e regi\u00e3o","url":"https:\/\/www.encontraosasco.com.br\/sobre\/"},{"@type":"Person","@id":"https:\/\/www.encontraosasco.com.br\/sobre\/author\/eosasco\/#author","url":"https:\/\/www.encontraosasco.com.br\/sobre\/author\/eosasco\/","name":"Encontra Osasco","image":{"@type":"ImageObject","@id":"https:\/\/www.encontraosasco.com.br\/sobre\/menina-de-8-anos-revela-que-ficou-famosa-na-escola-apos-choro-e-abraco-em-neymar\/#authorImage","url":"https:\/\/secure.gravatar.com\/avatar\/507340682b8270222e1f208e23198b6ae7e2c6a1033ae84e99bc6bce4f82a387?s=96&d=mm&r=g","width":96,"height":96,"caption":"Encontra Osasco"}},{"@type":"WebPage","@id":"https:\/\/www.encontraosasco.com.br\/sobre\/menina-de-8-anos-revela-que-ficou-famosa-na-escola-apos-choro-e-abraco-em-neymar\/#webpage","url":"https:\/\/www.encontraosasco.com.br\/sobre\/menina-de-8-anos-revela-que-ficou-famosa-na-escola-apos-choro-e-abraco-em-neymar\/","name":"Menina de 8 anos revela que ficou famosa na escola ap\u00f3s choro e abra\u00e7o em Neymar | Encontra Osasco","description":"Menina de 8 anos fica famosa na escola ap\u00f3s encontrar Neymar.","inLanguage":"pt-BR","isPartOf":{"@id":"https:\/\/www.encontraosasco.com.br\/sobre\/#website"},"breadcrumb":{"@id":"https:\/\/www.encontraosasco.com.br\/sobre\/menina-de-8-anos-revela-que-ficou-famosa-na-escola-apos-choro-e-abraco-em-neymar\/#breadcrumblist"},"author":{"@id":"https:\/\/www.encontraosasco.com.br\/sobre\/author\/eosasco\/#author"},"creator":{"@id":"https:\/\/www.encontraosasco.com.br\/sobre\/author\/eosasco\/#author"},"image":{"@type":"ImageObject","url":"https:\/\/www.encontraosasco.com.br\/sobre\/wp-content\/uploads\/2026\/09\/menina-de-8-anos-revela-que-ficou-famosa-na-escola-apos-choro-e-abraco-em-neymar.webp","@id":"https:\/\/www.encontraosasco.com.br\/sobre\/menina-de-8-anos-revela-que-ficou-famosa-na-escola-apos-choro-e-abraco-em-neymar\/#mainImage","width":280,"height":280,"caption":"menina famosa"},"primaryImageOfPage":{"@id":"https:\/\/www.encontraosasco.com.br\/sobre\/menina-de-8-anos-revela-que-ficou-famosa-na-escola-apos-choro-e-abraco-em-neymar\/#mainImage"},"datePublished":"2026-09-01T07:39:40-03:00","dateModified":"2026-09-01T07:39:40-03:00"},{"@type":"WebSite","@id":"https:\/\/www.encontraosasco.com.br\/sobre\/#website","url":"https:\/\/www.encontraosasco.com.br\/sobre\/","name":"Encontra Osasco","description":"Not\u00edcias, eventos, informa\u00e7\u00f5es e dicas na cidade de Osasco e regi\u00e3o","inLanguage":"pt-BR","publisher":{"@id":"https:\/\/www.encontraosasco.com.br\/sobre\/#organization"}}]},"og:locale":"pt_BR","og:site_name":"Encontra Osasco | Not\u00edcias, eventos, informa\u00e7\u00f5es e dicas na cidade de Osasco e regi\u00e3o","og:type":"article","og:title":"Menina de 8 anos revela que ficou famosa na escola ap\u00f3s choro e abra\u00e7o em Neymar | Encontra Osasco","og:description":"Menina de 8 anos fica famosa na escola ap\u00f3s encontrar Neymar.","og:url":"https:\/\/www.encontraosasco.com.br\/sobre\/menina-de-8-anos-revela-que-ficou-famosa-na-escola-apos-choro-e-abraco-em-neymar\/","article:published_time":"2026-09-01T10:39:40+00:00","article:modified_time":"2026-09-01T10:39:40+00:00","twitter:card":"summary","twitter:title":"Menina de 8 anos revela que ficou famosa na escola ap\u00f3s choro e abra\u00e7o em Neymar | Encontra Osasco","twitter:description":"Menina de 8 anos fica famosa na escola ap\u00f3s encontrar Neymar."},"aioseo_meta_data":{"post_id":"8900","title":null,"description":null,"keywords":null,"keyphrases":null,"primary_term":null,"canonical_url":null,"og_title":null,"og_description":null,"og_object_type":"default","og_image_type":"default","og_image_url":null,"og_image_width":null,"og_image_height":null,"og_image_custom_url":null,"og_image_custom_fields":null,"og_video":null,"og_custom_url":null,"og_article_section":null,"og_article_tags":null,"twitter_use_og":false,"twitter_card":"default","twitter_image_type":"default","twitter_image_url":null,"twitter_image_custom_url":null,"twitter_image_custom_fields":null,"twitter_title":null,"twitter_description":null,"schema":{"blockGraphs":[],"customGraphs":[],"default":{"data":{"Article":[],"Course":[],"Dataset":[],"FAQPage":[],"Movie":[],"Person":[],"Product":[],"ProductReview":[],"Car":[],"Recipe":[],"Service":[],"SoftwareApplication":[],"WebPage":[]},"graphName":"Article","isEnabled":true},"graphs":[]},"schema_type":"default","schema_type_options":null,"pillar_content":false,"robots_default":true,"robots_noindex":false,"robots_noarchive":false,"robots_nosnippet":false,"robots_nofollow":false,"robots_noimageindex":false,"robots_noodp":false,"robots_notranslate":false,"robots_max_snippet":null,"robots_max_videopreview":null,"robots_max_imagepreview":"large","priority":null,"frequency":null,"local_seo":null,"breadcrumb_settings":null,"limit_modified_date":false,"ai":null,"created":"2026-09-01 10:39:41","updated":"2026-09-01 10:53:19","focus_keyword":null,"additional_keywords":null,"truseo_locale":null,"seo_analyzer_scan_date":null},"aioseo_breadcrumb":"<div class=\"aioseo-breadcrumbs\"><span class=\"aioseo-breadcrumb\">\n\t\t\t<a href=\"https:\/\/www.encontraosasco.com.br\/sobre\" title=\"In\u00edcio\">In\u00edcio<\/a>\n\t\t<\/span><span class=\"aioseo-breadcrumb-separator\">&raquo;<\/span><span class=\"aioseo-breadcrumb\">\n\t\t\tMenina de 8 anos revela que ficou famosa na escola ap\u00f3s choro e abra\u00e7o em Neymar\n\t\t<\/span><\/div>","aioseo_breadcrumb_json":[{"label":"In\u00edcio","link":"https:\/\/www.encontraosasco.com.br\/sobre"},{"label":"Menina de 8 anos revela que ficou famosa na escola ap\u00f3s choro e abra\u00e7o em Neymar","link":"https:\/\/www.encontraosasco.com.br\/sobre\/menina-de-8-anos-revela-que-ficou-famosa-na-escola-apos-choro-e-abraco-em-neymar\/"}],"_links":{"self":[{"href":"https:\/\/www.encontraosasco.com.br\/sobre\/wp-json\/wp\/v2\/posts\/8900","targetHints":{"allow":["GET"]}}],"collection":[{"href":"https:\/\/www.encontraosasco.com.br\/sobre\/wp-json\/wp\/v2\/posts"}],"about":[{"href":"https:\/\/www.encontraosasco.com.br\/sobre\/wp-json\/wp\/v2\/types\/post"}],"author":[{"embeddable":true,"href":"https:\/\/www.encontraosasco.com.br\/sobre\/wp-json\/wp\/v2\/users\/1"}],"replies":[{"embeddable":true,"href":"https:\/\/www.encontraosasco.com.br\/sobre\/wp-json\/wp\/v2\/comments?post=8900"}],"version-history":[{"count":0,"href":"https:\/\/www.encontraosasco.com.br\/sobre\/wp-json\/wp\/v2\/posts\/8900\/revisions"}],"wp:featuredmedia":[{"embeddable":true,"href":"https:\/\/www.encontraosasco.com.br\/sobre\/wp-json\/wp\/v2\/media\/8899"}],"wp:attachment":[{"href":"https:\/\/www.encontraosasco.com.br\/sobre\/wp-json\/wp\/v2\/media?parent=8900"}],"wp:term":[{"taxonomy":"category","embeddable":true,"href":"https:\/\/www.encontraosasco.com.br\/sobre\/wp-json\/wp\/v2\/categories?post=8900"},{"taxonomy":"post_tag","embeddable":true,"href":"https:\/\/www.encontraosasco.com.br\/sobre\/wp-json\/wp\/v2\/tags?post=8900"}],"curies":[{"name":"wp","href":"https:\/\/api.w.org\/{rel}","templated":true}]}}