{"id":8915,"date":"2026-09-01T21:06:28","date_gmt":"2026-09-02T00:06:28","guid":{"rendered":"https:\/\/www.encontraosasco.com.br\/sobre\/entregadores-de-aplicativos-fazem-manifestacao-e-ato-passa-por-osasco\/"},"modified":"2026-09-01T21:06:28","modified_gmt":"2026-09-02T00:06:28","slug":"entregadores-de-aplicativos-fazem-manifestacao-e-ato-passa-por-osasco","status":"publish","type":"post","link":"https:\/\/www.encontraosasco.com.br\/sobre\/entregadores-de-aplicativos-fazem-manifestacao-e-ato-passa-por-osasco\/","title":{"rendered":"Entregadores de aplicativos fazem manifesta\u00e7\u00e3o e ato passa por Osasco"},"content":{"rendered":"<h2>O que motivou a manifesta\u00e7\u00e3o dos entregadores?<\/h2>\n<p>Na \u00faltima ter\u00e7a-feira (1\u00ba), entregadores que trabalham para plataformas de delivery organizaram uma mobiliza\u00e7\u00e3o significativa em Osasco. Essa manifesta\u00e7\u00e3o teve como principal motivo a busca pela melhoria das condi\u00e7\u00f5es laborais e a solicita\u00e7\u00e3o por um aumento nas tarifas pagas pelas empresas de entrega. Os trabalhadores demonstraram interesse em obter um reconhecimento maior de seu papel na cadeia de servi\u00e7os, enfatizando as dificuldades enfrentadas durante suas atividades.<\/p>\n<h2>Impactos do protesto na din\u00e2mica urbana<\/h2>\n<p>A mobiliza\u00e7\u00e3o dos entregadores de aplicativos n\u00e3o apenas destacou suas reivindica\u00e7\u00f5es individuais, mas tamb\u00e9m teve um impacto vis\u00edvel na din\u00e2mica urbana. As ruas da Vila Yara foram temporariamente afetadas com bloqueios, o que gerou uma altera\u00e7\u00e3o no tr\u00e2nsito e provocou a necessidade de desvios por parte dos motoristas. A marcha tamb\u00e9m atraiu a aten\u00e7\u00e3o da m\u00eddia local, contribuindo para um debate mais amplo sobre as condi\u00e7\u00f5es de trabalho dos profissionais de entrega na regi\u00e3o.<\/p>\n<h2>Reivindica\u00e7\u00f5es centrais dos entregadores de aplicativos<\/h2>\n<p>Entre os principais pontos levantados durante a manifesta\u00e7\u00e3o, estavam:<\/p>\n<p><img decoding=\"async\" src=\"https:\/\/www.encontraosasco.com.br\/sobre\/wp-content\/uploads\/2026\/09\/entregadores-de-aplicativos-fazem-manifestacao-e-ato-passa-por-osasco.webp\" alt=\"entregadores de aplicativos\" loading=\"lazy\" \/><\/p>\n<ul>\n<li><strong>Aumento nas tarifas:<\/strong> Os entregadores alegam que os valores pagos nas corridas s\u00e3o insuficientes para cobrir seus custos de opera\u00e7\u00e3o e manuten\u00e7\u00e3o.<\/li>\n<li><strong>Aprimoramento das condi\u00e7\u00f5es de trabalho:<\/strong> O grupo pediu melhores seguran\u00e7as para realizar as entregas, incluindo equipamentos de prote\u00e7\u00e3o, e mais assist\u00eancia por parte das plataformas.<\/li>\n<li><strong>Reconhecimento de v\u00ednculos de trabalho:<\/strong> O movimento tamb\u00e9m abordou a necessidade de uma formaliza\u00e7\u00e3o maior das rela\u00e7\u00f5es de trabalho, visando garantir direitos trabalhistas.<\/li>\n<\/ul>\n<h2>Como os entregadores se organizaram para o ato<\/h2>\n<p>Os entregadores se mobilizaram efetivamente atrav\u00e9s de plataformas de redes sociais e grupos de mensagens instant\u00e2neas. Esse uso da tecnologia foi fundamental para coordenar esfor\u00e7os, compartilhar informa\u00e7\u00f5es e planejar os detalhes do protesto. Canais como WhatsApp e Facebook foram essenciais para disseminar a mensagem e assegurar que um n\u00famero consider\u00e1vel de participantes se unisse no ato.<\/p>\n<h2>A import\u00e2ncia da mobiliza\u00e7\u00e3o nas redes sociais<\/h2>\n<p>A atua\u00e7\u00e3o nas redes sociais se mostrou decisiva na prepara\u00e7\u00e3o da manifesta\u00e7\u00e3o. Atrav\u00e9s de postagens e compartilhamentos, os entregadores conseguiram alcan\u00e7ar uma audi\u00eancia maior, sensibilizando a sociedade sobre suas causas e criando um la\u00e7o de empatia com o p\u00fablico. Os organizadores utilizaram esses espa\u00e7os virtuais para discutir as problem\u00e1ticas enfrentadas, mobilizando um apoio significativo.<\/p>\n<h2>Repercuss\u00e3o da manifesta\u00e7\u00e3o na m\u00eddia local<\/h2>\n<p>A mobiliza\u00e7\u00e3o dos entregadores teve ampla repercuss\u00e3o na m\u00eddia, com reportagens cobrindo os eventos e relatando as reivindica\u00e7\u00f5es dos trabalhadores. Os principais ve\u00edculos de comunica\u00e7\u00e3o estavam presentes no ato, documentando a situa\u00e7\u00e3o e abrindo espa\u00e7o para que os entregadores fossem ouvidos. Isso demonstrou a import\u00e2ncia do evento, e ajudou a elevar a visibilidade das quest\u00f5es enfrentadas por essa categoria.<\/p>\n<h2>Apoio de organiza\u00e7\u00f5es trabalhistas ao movimento<\/h2>\n<p>Durante a manifesta\u00e7\u00e3o, diversas organiza\u00e7\u00f5es sindicais e trabalhistas expressaram seu apoio ao movimento. Eles ofereceram assist\u00eancia na mobiliza\u00e7\u00e3o, al\u00e9m de respaldo jur\u00eddico e log\u00edstico. A presen\u00e7a dessas entidades valorizou o ato, proporcionando uma base s\u00f3lida para as reivindica\u00e7\u00f5es e assegurando que as vozes dos entregadores estivessem alinhadas com as lutas hist\u00f3ricas por direitos trabalhistas no Brasil.<\/p>\n<h2>Compara\u00e7\u00e3o com outras mobiliza\u00e7\u00f5es de trabalhadores<\/h2>\n<p>Essa manifesta\u00e7\u00e3o se alinha a diversas outras mobiliza\u00e7\u00f5es de trabalhadores que ocorreram nos \u00faltimos anos, onde categorias distintas se levantaram em busca de reconhecimento e valoriza\u00e7\u00e3o. Historicamente, eventos como greves de motoristas de \u00f4nibus e protestos de professores revelam o poder da coletividade na luta por direitos. O ato dos entregadores se insere nesse contexto, demonstrando que a uni\u00e3o entre os trabalhadores pode trazer resultados consistentes na busca por melhores condi\u00e7\u00f5es de trabalho.<\/p>\n<h2>Hist\u00f3rico das reivindica\u00e7\u00f5es de entregadores de apps<\/h2>\n<p>As reivindica\u00e7\u00f5es dos entregadores de aplicativos n\u00e3o s\u00e3o novas. Nos \u00faltimos anos, essa categoria tem se mobilizado constantemente para solicitar mudan\u00e7as nas tarifas, melhores condi\u00e7\u00f5es de trabalho e prote\u00e7\u00e3o. O crescimento das plataformas digitais de entrega tamb\u00e9m trouxe \u00e0 tona quest\u00f5es como precariza\u00e7\u00e3o do trabalho e a falta de benef\u00edcios, aumentando a urg\u00eancia dessas demandas. O movimento atual \u00e9, portanto, uma continua\u00e7\u00e3o das lutas que v\u00eam sendo travadas por esses profissionais.<\/p>\n<h2>Pr\u00f3ximos passos ap\u00f3s a manifesta\u00e7\u00e3o<\/h2>\n<p>Ap\u00f3s o ato reivindicat\u00f3rio, os entregadores planejam continuar sua mobiliza\u00e7\u00e3o. O pr\u00f3ximo passo incluir\u00e1 a elabora\u00e7\u00e3o de um documento formal que consolide suas demandas e como uma apresenta\u00e7\u00e3o formal \u00e0s plataformas de entrega. Al\u00e9m disso, eles pretendem programar novas manifesta\u00e7\u00f5es e reuni\u00f5es com organiza\u00e7\u00f5es ocupacionais, buscando assim estreitar la\u00e7os comunit\u00e1rios e ampliar seu alcance e impacto.<\/p>\n","protected":false},"excerpt":{"rendered":"<p>Entregadores de aplicativos fazem protesto em Osasco por melhores condi\u00e7\u00f5es de trabalho e aumento de tarifas.<\/p>\n","protected":false},"author":1,"featured_media":8914,"comment_status":"closed","ping_status":"closed","sticky":false,"template":"","format":"standard","meta":{"footnotes":""},"categories":[],"tags":[],"class_list":["post-8915","post","type-post","status-publish","format-standard","has-post-thumbnail","hentry","has_thumb"],"aioseo_notices":[],"aioseo_head":"\n\t\t<!-- All in One SEO 5.0.0.1 - aioseo.com -->\n\t<meta name=\"description\" content=\"Entregadores de aplicativos fazem protesto em Osasco por melhores condi\u00e7\u00f5es de trabalho e aumento de tarifas.\" \/>\n\t<meta name=\"robots\" content=\"max-image-preview:large\" \/>\n\t<meta name=\"author\" content=\"Encontra Osasco\"\/>\n\t<link rel=\"canonical\" href=\"https:\/\/www.encontraosasco.com.br\/sobre\/entregadores-de-aplicativos-fazem-manifestacao-e-ato-passa-por-osasco\/\" \/>\n\t<meta name=\"generator\" content=\"All in One SEO (AIOSEO) 5.0.0.1\" \/>\n\t\t<meta property=\"og:locale\" content=\"pt_BR\" \/>\n\t\t<meta property=\"og:site_name\" content=\"Encontra Osasco | Not\u00edcias, eventos, informa\u00e7\u00f5es e dicas na cidade de Osasco e regi\u00e3o\" \/>\n\t\t<meta property=\"og:type\" content=\"article\" \/>\n\t\t<meta property=\"og:title\" content=\"Entregadores de aplicativos fazem manifesta\u00e7\u00e3o e ato passa por Osasco | Encontra Osasco\" \/>\n\t\t<meta property=\"og:description\" content=\"Entregadores de aplicativos fazem protesto em Osasco por melhores condi\u00e7\u00f5es de trabalho e aumento de tarifas.\" \/>\n\t\t<meta property=\"og:url\" content=\"https:\/\/www.encontraosasco.com.br\/sobre\/entregadores-de-aplicativos-fazem-manifestacao-e-ato-passa-por-osasco\/\" \/>\n\t\t<meta property=\"article:published_time\" content=\"2026-09-02T00:06:28+00:00\" \/>\n\t\t<meta property=\"article:modified_time\" content=\"2026-09-02T00:06:28+00:00\" \/>\n\t\t<meta name=\"twitter:card\" content=\"summary\" \/>\n\t\t<meta name=\"twitter:title\" content=\"Entregadores de aplicativos fazem manifesta\u00e7\u00e3o e ato passa por Osasco | Encontra Osasco\" \/>\n\t\t<meta name=\"twitter:description\" content=\"Entregadores de aplicativos fazem protesto em Osasco por melhores condi\u00e7\u00f5es de trabalho e aumento de tarifas.\" \/>\n\t\t<script type=\"application\/ld+json\" class=\"aioseo-schema\">\n\t\t\t{\"@context\":\"https:\\\/\\\/schema.org\",\"@graph\":[{\"@type\":\"Article\",\"@id\":\"https:\\\/\\\/www.encontraosasco.com.br\\\/sobre\\\/entregadores-de-aplicativos-fazem-manifestacao-e-ato-passa-por-osasco\\\/#article\",\"name\":\"Entregadores de aplicativos fazem manifesta\\u00e7\\u00e3o e ato passa por Osasco | Encontra Osasco\",\"headline\":\"Entregadores de aplicativos fazem manifesta\\u00e7\\u00e3o e ato passa por Osasco\",\"author\":{\"@id\":\"https:\\\/\\\/www.encontraosasco.com.br\\\/sobre\\\/author\\\/eosasco\\\/#author\"},\"publisher\":{\"@id\":\"https:\\\/\\\/www.encontraosasco.com.br\\\/sobre\\\/#organization\"},\"image\":{\"@type\":\"ImageObject\",\"url\":\"https:\\\/\\\/www.encontraosasco.com.br\\\/sobre\\\/wp-content\\\/uploads\\\/2026\\\/09\\\/entregadores-de-aplicativos-fazem-manifestacao-e-ato-passa-por-osasco.webp\",\"width\":280,\"height\":280,\"caption\":\"entregadores de aplicativos\"},\"datePublished\":\"2026-09-01T21:06:28-03:00\",\"dateModified\":\"2026-09-01T21:06:28-03:00\",\"inLanguage\":\"pt-BR\",\"mainEntityOfPage\":{\"@id\":\"https:\\\/\\\/www.encontraosasco.com.br\\\/sobre\\\/entregadores-de-aplicativos-fazem-manifestacao-e-ato-passa-por-osasco\\\/#webpage\"},\"isPartOf\":{\"@id\":\"https:\\\/\\\/www.encontraosasco.com.br\\\/sobre\\\/entregadores-de-aplicativos-fazem-manifestacao-e-ato-passa-por-osasco\\\/#webpage\"}},{\"@type\":\"BreadcrumbList\",\"@id\":\"https:\\\/\\\/www.encontraosasco.com.br\\\/sobre\\\/entregadores-de-aplicativos-fazem-manifestacao-e-ato-passa-por-osasco\\\/#breadcrumblist\",\"itemListElement\":[{\"@type\":\"ListItem\",\"@id\":\"https:\\\/\\\/www.encontraosasco.com.br\\\/sobre#listItem\",\"position\":1,\"name\":\"In\\u00edcio\",\"item\":\"https:\\\/\\\/www.encontraosasco.com.br\\\/sobre\",\"nextItem\":{\"@type\":\"ListItem\",\"@id\":\"https:\\\/\\\/www.encontraosasco.com.br\\\/sobre\\\/entregadores-de-aplicativos-fazem-manifestacao-e-ato-passa-por-osasco\\\/#listItem\",\"name\":\"Entregadores de aplicativos fazem manifesta\\u00e7\\u00e3o e ato passa por Osasco\"}},{\"@type\":\"ListItem\",\"@id\":\"https:\\\/\\\/www.encontraosasco.com.br\\\/sobre\\\/entregadores-de-aplicativos-fazem-manifestacao-e-ato-passa-por-osasco\\\/#listItem\",\"position\":2,\"name\":\"Entregadores de aplicativos fazem manifesta\\u00e7\\u00e3o e ato passa por Osasco\",\"previousItem\":{\"@type\":\"ListItem\",\"@id\":\"https:\\\/\\\/www.encontraosasco.com.br\\\/sobre#listItem\",\"name\":\"In\\u00edcio\"}}]},{\"@type\":\"Organization\",\"@id\":\"https:\\\/\\\/www.encontraosasco.com.br\\\/sobre\\\/#organization\",\"name\":\"Encontra Osasco\",\"description\":\"Not\\u00edcias, eventos, informa\\u00e7\\u00f5es e dicas na cidade de Osasco e regi\\u00e3o\",\"url\":\"https:\\\/\\\/www.encontraosasco.com.br\\\/sobre\\\/\"},{\"@type\":\"Person\",\"@id\":\"https:\\\/\\\/www.encontraosasco.com.br\\\/sobre\\\/author\\\/eosasco\\\/#author\",\"url\":\"https:\\\/\\\/www.encontraosasco.com.br\\\/sobre\\\/author\\\/eosasco\\\/\",\"name\":\"Encontra Osasco\",\"image\":{\"@type\":\"ImageObject\",\"@id\":\"https:\\\/\\\/www.encontraosasco.com.br\\\/sobre\\\/entregadores-de-aplicativos-fazem-manifestacao-e-ato-passa-por-osasco\\\/#authorImage\",\"url\":\"https:\\\/\\\/secure.gravatar.com\\\/avatar\\\/507340682b8270222e1f208e23198b6ae7e2c6a1033ae84e99bc6bce4f82a387?s=96&d=mm&r=g\",\"width\":96,\"height\":96,\"caption\":\"Encontra Osasco\"}},{\"@type\":\"WebPage\",\"@id\":\"https:\\\/\\\/www.encontraosasco.com.br\\\/sobre\\\/entregadores-de-aplicativos-fazem-manifestacao-e-ato-passa-por-osasco\\\/#webpage\",\"url\":\"https:\\\/\\\/www.encontraosasco.com.br\\\/sobre\\\/entregadores-de-aplicativos-fazem-manifestacao-e-ato-passa-por-osasco\\\/\",\"name\":\"Entregadores de aplicativos fazem manifesta\\u00e7\\u00e3o e ato passa por Osasco | Encontra Osasco\",\"description\":\"Entregadores de aplicativos fazem protesto em Osasco por melhores condi\\u00e7\\u00f5es de trabalho e aumento de tarifas.\",\"inLanguage\":\"pt-BR\",\"isPartOf\":{\"@id\":\"https:\\\/\\\/www.encontraosasco.com.br\\\/sobre\\\/#website\"},\"breadcrumb\":{\"@id\":\"https:\\\/\\\/www.encontraosasco.com.br\\\/sobre\\\/entregadores-de-aplicativos-fazem-manifestacao-e-ato-passa-por-osasco\\\/#breadcrumblist\"},\"author\":{\"@id\":\"https:\\\/\\\/www.encontraosasco.com.br\\\/sobre\\\/author\\\/eosasco\\\/#author\"},\"creator\":{\"@id\":\"https:\\\/\\\/www.encontraosasco.com.br\\\/sobre\\\/author\\\/eosasco\\\/#author\"},\"image\":{\"@type\":\"ImageObject\",\"url\":\"https:\\\/\\\/www.encontraosasco.com.br\\\/sobre\\\/wp-content\\\/uploads\\\/2026\\\/09\\\/entregadores-de-aplicativos-fazem-manifestacao-e-ato-passa-por-osasco.webp\",\"@id\":\"https:\\\/\\\/www.encontraosasco.com.br\\\/sobre\\\/entregadores-de-aplicativos-fazem-manifestacao-e-ato-passa-por-osasco\\\/#mainImage\",\"width\":280,\"height\":280,\"caption\":\"entregadores de aplicativos\"},\"primaryImageOfPage\":{\"@id\":\"https:\\\/\\\/www.encontraosasco.com.br\\\/sobre\\\/entregadores-de-aplicativos-fazem-manifestacao-e-ato-passa-por-osasco\\\/#mainImage\"},\"datePublished\":\"2026-09-01T21:06:28-03:00\",\"dateModified\":\"2026-09-01T21:06:28-03:00\"},{\"@type\":\"WebSite\",\"@id\":\"https:\\\/\\\/www.encontraosasco.com.br\\\/sobre\\\/#website\",\"url\":\"https:\\\/\\\/www.encontraosasco.com.br\\\/sobre\\\/\",\"name\":\"Encontra Osasco\",\"description\":\"Not\\u00edcias, eventos, informa\\u00e7\\u00f5es e dicas na cidade de Osasco e regi\\u00e3o\",\"inLanguage\":\"pt-BR\",\"publisher\":{\"@id\":\"https:\\\/\\\/www.encontraosasco.com.br\\\/sobre\\\/#organization\"}}]}\n\t\t<\/script>\n\t\t<!-- All in One SEO -->\n\n","aioseo_head_json":{"title":"Entregadores de aplicativos fazem manifesta\u00e7\u00e3o e ato passa por Osasco | Encontra Osasco","description":"Entregadores de aplicativos fazem protesto em Osasco por melhores condi\u00e7\u00f5es de trabalho e aumento de tarifas.","canonical_url":"https:\/\/www.encontraosasco.com.br\/sobre\/entregadores-de-aplicativos-fazem-manifestacao-e-ato-passa-por-osasco\/","robots":"max-image-preview:large","keywords":"","webmasterTools":{"miscellaneous":""},"schema":{"@context":"https:\/\/schema.org","@graph":[{"@type":"Article","@id":"https:\/\/www.encontraosasco.com.br\/sobre\/entregadores-de-aplicativos-fazem-manifestacao-e-ato-passa-por-osasco\/#article","name":"Entregadores de aplicativos fazem manifesta\u00e7\u00e3o e ato passa por Osasco | Encontra Osasco","headline":"Entregadores de aplicativos fazem manifesta\u00e7\u00e3o e ato passa por Osasco","author":{"@id":"https:\/\/www.encontraosasco.com.br\/sobre\/author\/eosasco\/#author"},"publisher":{"@id":"https:\/\/www.encontraosasco.com.br\/sobre\/#organization"},"image":{"@type":"ImageObject","url":"https:\/\/www.encontraosasco.com.br\/sobre\/wp-content\/uploads\/2026\/09\/entregadores-de-aplicativos-fazem-manifestacao-e-ato-passa-por-osasco.webp","width":280,"height":280,"caption":"entregadores de aplicativos"},"datePublished":"2026-09-01T21:06:28-03:00","dateModified":"2026-09-01T21:06:28-03:00","inLanguage":"pt-BR","mainEntityOfPage":{"@id":"https:\/\/www.encontraosasco.com.br\/sobre\/entregadores-de-aplicativos-fazem-manifestacao-e-ato-passa-por-osasco\/#webpage"},"isPartOf":{"@id":"https:\/\/www.encontraosasco.com.br\/sobre\/entregadores-de-aplicativos-fazem-manifestacao-e-ato-passa-por-osasco\/#webpage"}},{"@type":"BreadcrumbList","@id":"https:\/\/www.encontraosasco.com.br\/sobre\/entregadores-de-aplicativos-fazem-manifestacao-e-ato-passa-por-osasco\/#breadcrumblist","itemListElement":[{"@type":"ListItem","@id":"https:\/\/www.encontraosasco.com.br\/sobre#listItem","position":1,"name":"In\u00edcio","item":"https:\/\/www.encontraosasco.com.br\/sobre","nextItem":{"@type":"ListItem","@id":"https:\/\/www.encontraosasco.com.br\/sobre\/entregadores-de-aplicativos-fazem-manifestacao-e-ato-passa-por-osasco\/#listItem","name":"Entregadores de aplicativos fazem manifesta\u00e7\u00e3o e ato passa por Osasco"}},{"@type":"ListItem","@id":"https:\/\/www.encontraosasco.com.br\/sobre\/entregadores-de-aplicativos-fazem-manifestacao-e-ato-passa-por-osasco\/#listItem","position":2,"name":"Entregadores de aplicativos fazem manifesta\u00e7\u00e3o e ato passa por Osasco","previousItem":{"@type":"ListItem","@id":"https:\/\/www.encontraosasco.com.br\/sobre#listItem","name":"In\u00edcio"}}]},{"@type":"Organization","@id":"https:\/\/www.encontraosasco.com.br\/sobre\/#organization","name":"Encontra Osasco","description":"Not\u00edcias, eventos, informa\u00e7\u00f5es e dicas na cidade de Osasco e regi\u00e3o","url":"https:\/\/www.encontraosasco.com.br\/sobre\/"},{"@type":"Person","@id":"https:\/\/www.encontraosasco.com.br\/sobre\/author\/eosasco\/#author","url":"https:\/\/www.encontraosasco.com.br\/sobre\/author\/eosasco\/","name":"Encontra Osasco","image":{"@type":"ImageObject","@id":"https:\/\/www.encontraosasco.com.br\/sobre\/entregadores-de-aplicativos-fazem-manifestacao-e-ato-passa-por-osasco\/#authorImage","url":"https:\/\/secure.gravatar.com\/avatar\/507340682b8270222e1f208e23198b6ae7e2c6a1033ae84e99bc6bce4f82a387?s=96&d=mm&r=g","width":96,"height":96,"caption":"Encontra Osasco"}},{"@type":"WebPage","@id":"https:\/\/www.encontraosasco.com.br\/sobre\/entregadores-de-aplicativos-fazem-manifestacao-e-ato-passa-por-osasco\/#webpage","url":"https:\/\/www.encontraosasco.com.br\/sobre\/entregadores-de-aplicativos-fazem-manifestacao-e-ato-passa-por-osasco\/","name":"Entregadores de aplicativos fazem manifesta\u00e7\u00e3o e ato passa por Osasco | Encontra Osasco","description":"Entregadores de aplicativos fazem protesto em Osasco por melhores condi\u00e7\u00f5es de trabalho e aumento de tarifas.","inLanguage":"pt-BR","isPartOf":{"@id":"https:\/\/www.encontraosasco.com.br\/sobre\/#website"},"breadcrumb":{"@id":"https:\/\/www.encontraosasco.com.br\/sobre\/entregadores-de-aplicativos-fazem-manifestacao-e-ato-passa-por-osasco\/#breadcrumblist"},"author":{"@id":"https:\/\/www.encontraosasco.com.br\/sobre\/author\/eosasco\/#author"},"creator":{"@id":"https:\/\/www.encontraosasco.com.br\/sobre\/author\/eosasco\/#author"},"image":{"@type":"ImageObject","url":"https:\/\/www.encontraosasco.com.br\/sobre\/wp-content\/uploads\/2026\/09\/entregadores-de-aplicativos-fazem-manifestacao-e-ato-passa-por-osasco.webp","@id":"https:\/\/www.encontraosasco.com.br\/sobre\/entregadores-de-aplicativos-fazem-manifestacao-e-ato-passa-por-osasco\/#mainImage","width":280,"height":280,"caption":"entregadores de aplicativos"},"primaryImageOfPage":{"@id":"https:\/\/www.encontraosasco.com.br\/sobre\/entregadores-de-aplicativos-fazem-manifestacao-e-ato-passa-por-osasco\/#mainImage"},"datePublished":"2026-09-01T21:06:28-03:00","dateModified":"2026-09-01T21:06:28-03:00"},{"@type":"WebSite","@id":"https:\/\/www.encontraosasco.com.br\/sobre\/#website","url":"https:\/\/www.encontraosasco.com.br\/sobre\/","name":"Encontra Osasco","description":"Not\u00edcias, eventos, informa\u00e7\u00f5es e dicas na cidade de Osasco e regi\u00e3o","inLanguage":"pt-BR","publisher":{"@id":"https:\/\/www.encontraosasco.com.br\/sobre\/#organization"}}]},"og:locale":"pt_BR","og:site_name":"Encontra Osasco | Not\u00edcias, eventos, informa\u00e7\u00f5es e dicas na cidade de Osasco e regi\u00e3o","og:type":"article","og:title":"Entregadores de aplicativos fazem manifesta\u00e7\u00e3o e ato passa por Osasco | Encontra Osasco","og:description":"Entregadores de aplicativos fazem protesto em Osasco por melhores condi\u00e7\u00f5es de trabalho e aumento de tarifas.","og:url":"https:\/\/www.encontraosasco.com.br\/sobre\/entregadores-de-aplicativos-fazem-manifestacao-e-ato-passa-por-osasco\/","article:published_time":"2026-09-02T00:06:28+00:00","article:modified_time":"2026-09-02T00:06:28+00:00","twitter:card":"summary","twitter:title":"Entregadores de aplicativos fazem manifesta\u00e7\u00e3o e ato passa por Osasco | Encontra Osasco","twitter:description":"Entregadores de aplicativos fazem protesto em Osasco por melhores condi\u00e7\u00f5es de trabalho e aumento de tarifas."},"aioseo_meta_data":{"post_id":"8915","title":null,"description":null,"keywords":null,"keyphrases":null,"primary_term":null,"canonical_url":null,"og_title":null,"og_description":null,"og_object_type":"default","og_image_type":"default","og_image_url":null,"og_image_width":null,"og_image_height":null,"og_image_custom_url":null,"og_image_custom_fields":null,"og_video":null,"og_custom_url":null,"og_article_section":null,"og_article_tags":null,"twitter_use_og":false,"twitter_card":"default","twitter_image_type":"default","twitter_image_url":null,"twitter_image_custom_url":null,"twitter_image_custom_fields":null,"twitter_title":null,"twitter_description":null,"schema":{"blockGraphs":[],"customGraphs":[],"default":{"data":{"Article":[],"Course":[],"Dataset":[],"FAQPage":[],"Movie":[],"Person":[],"Product":[],"ProductReview":[],"Car":[],"Recipe":[],"Service":[],"SoftwareApplication":[],"WebPage":[]},"graphName":"Article","isEnabled":true},"graphs":[]},"schema_type":"default","schema_type_options":null,"pillar_content":false,"robots_default":true,"robots_noindex":false,"robots_noarchive":false,"robots_nosnippet":false,"robots_nofollow":false,"robots_noimageindex":false,"robots_noodp":false,"robots_notranslate":false,"robots_max_snippet":null,"robots_max_videopreview":null,"robots_max_imagepreview":"large","priority":null,"frequency":null,"local_seo":null,"breadcrumb_settings":null,"limit_modified_date":false,"ai":null,"created":"2026-09-02 00:06:29","updated":"2026-09-02 00:11:19","focus_keyword":null,"additional_keywords":null,"truseo_locale":null,"seo_analyzer_scan_date":null},"aioseo_breadcrumb":"<div class=\"aioseo-breadcrumbs\"><span class=\"aioseo-breadcrumb\">\n\t\t\t<a href=\"https:\/\/www.encontraosasco.com.br\/sobre\" title=\"In\u00edcio\">In\u00edcio<\/a>\n\t\t<\/span><span class=\"aioseo-breadcrumb-separator\">&raquo;<\/span><span class=\"aioseo-breadcrumb\">\n\t\t\tEntregadores de aplicativos fazem manifesta\u00e7\u00e3o e ato passa por Osasco\n\t\t<\/span><\/div>","aioseo_breadcrumb_json":[{"label":"In\u00edcio","link":"https:\/\/www.encontraosasco.com.br\/sobre"},{"label":"Entregadores de aplicativos fazem manifesta\u00e7\u00e3o e ato passa por Osasco","link":"https:\/\/www.encontraosasco.com.br\/sobre\/entregadores-de-aplicativos-fazem-manifestacao-e-ato-passa-por-osasco\/"}],"_links":{"self":[{"href":"https:\/\/www.encontraosasco.com.br\/sobre\/wp-json\/wp\/v2\/posts\/8915","targetHints":{"allow":["GET"]}}],"collection":[{"href":"https:\/\/www.encontraosasco.com.br\/sobre\/wp-json\/wp\/v2\/posts"}],"about":[{"href":"https:\/\/www.encontraosasco.com.br\/sobre\/wp-json\/wp\/v2\/types\/post"}],"author":[{"embeddable":true,"href":"https:\/\/www.encontraosasco.com.br\/sobre\/wp-json\/wp\/v2\/users\/1"}],"replies":[{"embeddable":true,"href":"https:\/\/www.encontraosasco.com.br\/sobre\/wp-json\/wp\/v2\/comments?post=8915"}],"version-history":[{"count":0,"href":"https:\/\/www.encontraosasco.com.br\/sobre\/wp-json\/wp\/v2\/posts\/8915\/revisions"}],"wp:featuredmedia":[{"embeddable":true,"href":"https:\/\/www.encontraosasco.com.br\/sobre\/wp-json\/wp\/v2\/media\/8914"}],"wp:attachment":[{"href":"https:\/\/www.encontraosasco.com.br\/sobre\/wp-json\/wp\/v2\/media?parent=8915"}],"wp:term":[{"taxonomy":"category","embeddable":true,"href":"https:\/\/www.encontraosasco.com.br\/sobre\/wp-json\/wp\/v2\/categories?post=8915"},{"taxonomy":"post_tag","embeddable":true,"href":"https:\/\/www.encontraosasco.com.br\/sobre\/wp-json\/wp\/v2\/tags?post=8915"}],"curies":[{"name":"wp","href":"https:\/\/api.w.org\/{rel}","templated":true}]}}